{"id":116663,"date":"2025-12-25T15:13:14","date_gmt":"2025-12-25T15:13:14","guid":{"rendered":"https:\/\/www.europesays.com\/se\/116663\/"},"modified":"2025-12-25T15:13:14","modified_gmt":"2025-12-25T15:13:14","slug":"expressen-direkt-senaste-nytt-i-korthet-1046","status":"publish","type":"post","link":"https:\/\/www.europesays.com\/se\/116663\/","title":{"rendered":"Expressen Direkt \u2013 senaste nytt i korthet"},"content":{"rendered":"<p>V\u00e4rmerekord p\u00e5 Island: 19,8 grader p\u00e5 julafton<\/p>\n<p id=\"isPasted\">P\u00e5 julafton registrerades ett nytt v\u00e4rmerekord f\u00f6r december m\u00e5nad p\u00e5 Island d\u00e5 temperaturen m\u00e4tte 19,8 grader i den lilla byn Seydisfj\u00f6rdur.<\/p>\n<p>Det blev ingen vit jul f\u00f6r inv\u00e5narna i det kustn\u00e4ra samh\u00e4llet. Med 19,8 grader slogs det gamla rekordet f\u00f6r december med 0,1 grader.<\/p>\n<p>Birgir \u00d6rn H\u00f6skuldsson, meteorolog vid Islands meteorologiska institut, s\u00e4ger till landets public servicebolag RUV att f\u00f6ruts\u00e4ttningarna f\u00f6r temperaturrekordet har skapats eftersom det finns varm luft \u00f6ver landet och det \u00e4r ganska bl\u00e5sigt.<\/p>\n<p>N\u00e4r luften \u00e4r varm och vinden \u00e4r stark kan det bildas cumulusmoln \u00f6ver bergen, och luften v\u00e4rms upp i ned\u00e5tg\u00e5ende luftstr\u00f6mmar.<\/p>\n<p>Det \u00e4r under s\u00e5dana omst\u00e4ndigheter som s\u00e5dana m\u00e5nadsrekord vanligtvis s\u00e4tts, s\u00e4ger Birgir \u00d6rn H\u00f6skuldsson.<\/p>\n<p>(TT)<\/p>\n","protected":false},"excerpt":{"rendered":"V\u00e4rmerekord p\u00e5 Island: 19,8 grader p\u00e5 julafton P\u00e5 julafton registrerades ett nytt v\u00e4rmerekord f\u00f6r december m\u00e5nad p\u00e5 Island&hellip;\n","protected":false},"author":2,"featured_media":39,"comment_status":"","ping_status":"","sticky":false,"template":"","format":"standard","meta":{"footnotes":""},"categories":[5],"tags":[22,23,26,27,17,21,24,25,28,29,15,16,18,34,31,33,32,30,19,20],"class_list":{"0":"post-116663","1":"post","2":"type-post","3":"status-publish","4":"format-standard","5":"has-post-thumbnail","7":"category-rubriker","8":"tag-breaking-news","9":"tag-breakingnews","10":"tag-featured-news","11":"tag-featurednews","12":"tag-headlines","13":"tag-huvudnyheter","14":"tag-latest-news","15":"tag-latestnews","16":"tag-main-news","17":"tag-mainnews","18":"tag-news","19":"tag-nyheter","20":"tag-rubriker","21":"tag-se","22":"tag-svenska","23":"tag-sverige","24":"tag-sweden","25":"tag-swedish","26":"tag-top-stories","27":"tag-topstories"},"share_on_mastodon":{"url":"https:\/\/pubeurope.com\/@se\/115780858940988701","error":""},"_links":{"self":[{"href":"https:\/\/www.europesays.com\/se\/wp-json\/wp\/v2\/posts\/116663","targetHints":{"allow":["GET"]}}],"collection":[{"href":"https:\/\/www.europesays.com\/se\/wp-json\/wp\/v2\/posts"}],"about":[{"href":"https:\/\/www.europesays.com\/se\/wp-json\/wp\/v2\/types\/post"}],"author":[{"embeddable":true,"href":"https:\/\/www.europesays.com\/se\/wp-json\/wp\/v2\/users\/2"}],"replies":[{"embeddable":true,"href":"https:\/\/www.europesays.com\/se\/wp-json\/wp\/v2\/comments?post=116663"}],"version-history":[{"count":0,"href":"https:\/\/www.europesays.com\/se\/wp-json\/wp\/v2\/posts\/116663\/revisions"}],"wp:featuredmedia":[{"embeddable":true,"href":"https:\/\/www.europesays.com\/se\/wp-json\/wp\/v2\/media\/39"}],"wp:attachment":[{"href":"https:\/\/www.europesays.com\/se\/wp-json\/wp\/v2\/media?parent=116663"}],"wp:term":[{"taxonomy":"category","embeddable":true,"href":"https:\/\/www.europesays.com\/se\/wp-json\/wp\/v2\/categories?post=116663"},{"taxonomy":"post_tag","embeddable":true,"href":"https:\/\/www.europesays.com\/se\/wp-json\/wp\/v2\/tags?post=116663"}],"curies":[{"name":"wp","href":"https:\/\/api.w.org\/{rel}","templated":true}]}}