{"id":116671,"date":"2025-12-25T15:23:18","date_gmt":"2025-12-25T15:23:18","guid":{"rendered":"https:\/\/www.europesays.com\/se\/116671\/"},"modified":"2025-12-25T15:23:18","modified_gmt":"2025-12-25T15:23:18","slug":"haft-en-positiv-utveckling-pa-alla-plan","status":"publish","type":"post","link":"https:\/\/www.europesays.com\/se\/116671\/","title":{"rendered":"Haft en positiv utveckling p\u00e5 alla plan"},"content":{"rendered":"<p><strong>JULINTERVJUN. <a href=\"https:\/\/fotbolldirekt.se\/klubb\/hammarby-if\/\" rel=\"nofollow noopener\" target=\"_blank\">Hammarby<\/a> har inte bara h\u00e4mtat in Kalle Karlsson som ny huvudtr\u00e4nare, utan \u00e4ven Philip Berglund som chefssout.<br \/>Dessutom f\u00e5r sommarf\u00f6rv\u00e4rven Nikola Vasic och Noah Persson ses som tillskott till 2026 efter skadebesv\u00e4ren under h\u00f6sten. <br \/>Sporrchef Mikael Hjelmberg blickar in i n\u00e4sta \u00e5r med optimism. <br \/>\u2013 Vi har haft en positiv utveckling i klubben p\u00e5 alla plan i \u00e5r, s\u00e4ger han till FD.<\/strong><\/p>\n<p><img loading=\"lazy\" decoding=\"async\" width=\"1024\" height=\"576\" src=\"https:\/\/www.europesays.com\/se\/wp-content\/uploads\/2025\/12\/bajen-3-1024x576.jpg\" alt=\"\" class=\"wp-image-353717\"  \/>Foto: Bildbyr\u00e5n<\/p>\n<p><strong> <\/strong>Bajen slutade f\u00f6r andra \u00e5ret i rad som tv\u00e5a i allsvenskans tabell.<\/p>\n<p>Nu siktar f\u00f6rst\u00e5s klubben p\u00e5 SM-guld under 2026. Kim Hellberg har l\u00e4mnat f\u00f6r nytt tr\u00e4narjobb i Middlesbrough och i st\u00e4llet \u00e4r det nu Kalle Karlsson som ska forts\u00e4tta ta klubben vidare.<\/p>\n<p>Men det \u00e4r ocks\u00e5 ett annat nytt namn in i Hammarbys organisation i form av Philip Berglund, som l\u00e4mnar sportchefsjobbet i BP f\u00f6r att ta sig an posten som chefsscout i gr\u00f6nvitt.<\/p>\n<p>Dessutom f\u00e5r s\u00e5v\u00e4l Nikola Vasic som Noah Persson ses som nyf\u00f6rv\u00e4rv d\u00e5 v\u00e4rvningarna i augusti brottades med skador under h\u00f6sten och aldrig fick visa upp sig p\u00e5 allvar.<\/p>\n<p>N\u00e4r sportchef Mikael Hjelmberg ska lista ett specifikt minne fr\u00e5n 2025 \u00e4r det avg\u00f6randet p\u00e5 belgisk mark i Conference League-kvalet som han n\u00e4mner.<\/p>\n<p>\u2013 Victors m\u00e5l borta mot Charleroi var speciellt, s\u00e4ger Hjelmberg om Erikssons nickm\u00e5l i f\u00f6rl\u00e4ngningens slutskede innan han forts\u00e4tter:<br \/>\u2013 Sedan ocks\u00e5 v\u00e5r avslutning p\u00e5 allsvenska s\u00e4songen med segrarna mot G\u00f6teborg, AIK och Malm\u00f6.<\/p>\n<p><strong>Vad tar ni med er fr\u00e5n 2025? <\/strong><br \/>\u2013 Den positiva utvecklingen vi haft i klubben p\u00e5 alla plan. Alltifr\u00e5n f\u00f6rs\u00e4ljningar till utvecklingen av spelet och spelarna.<\/p>\n<p><strong>Hur jobbar ni inf\u00f6r 2026?<\/strong> <br \/>\u2013 P\u00e5 inslagen v\u00e4g. Det kommer vara en ny ledarstab som tar \u00f6ver och vi vill forts\u00e4tta utvecklas p\u00e5 alla plan.<\/p>\n<p><strong>Vad \u00e4r m\u00e5ls\u00e4ttningen med 2026? <\/strong><br \/>\u2013 Att forts\u00e4tta utvecklas som lag och att etablera oss som ett tydligt topplag i allsvenskan.<\/p>\n","protected":false},"excerpt":{"rendered":"JULINTERVJUN. Hammarby har inte bara h\u00e4mtat in Kalle Karlsson som ny huvudtr\u00e4nare, utan \u00e4ven Philip Berglund som chefssout.Dessutom&hellip;\n","protected":false},"author":2,"featured_media":116672,"comment_status":"","ping_status":"","sticky":false,"template":"","format":"standard","meta":{"footnotes":""},"categories":[68],"tags":[754,34,111,110,31,33,32,30],"class_list":{"0":"post-116671","1":"post","2":"type-post","3":"status-publish","4":"format-standard","5":"has-post-thumbnail","7":"category-sport","8":"tag-huvudblock","9":"tag-se","10":"tag-sport","11":"tag-sports","12":"tag-svenska","13":"tag-sverige","14":"tag-sweden","15":"tag-swedish"},"share_on_mastodon":{"url":"https:\/\/pubeurope.com\/@se\/115780898426209083","error":""},"_links":{"self":[{"href":"https:\/\/www.europesays.com\/se\/wp-json\/wp\/v2\/posts\/116671","targetHints":{"allow":["GET"]}}],"collection":[{"href":"https:\/\/www.europesays.com\/se\/wp-json\/wp\/v2\/posts"}],"about":[{"href":"https:\/\/www.europesays.com\/se\/wp-json\/wp\/v2\/types\/post"}],"author":[{"embeddable":true,"href":"https:\/\/www.europesays.com\/se\/wp-json\/wp\/v2\/users\/2"}],"replies":[{"embeddable":true,"href":"https:\/\/www.europesays.com\/se\/wp-json\/wp\/v2\/comments?post=116671"}],"version-history":[{"count":0,"href":"https:\/\/www.europesays.com\/se\/wp-json\/wp\/v2\/posts\/116671\/revisions"}],"wp:featuredmedia":[{"embeddable":true,"href":"https:\/\/www.europesays.com\/se\/wp-json\/wp\/v2\/media\/116672"}],"wp:attachment":[{"href":"https:\/\/www.europesays.com\/se\/wp-json\/wp\/v2\/media?parent=116671"}],"wp:term":[{"taxonomy":"category","embeddable":true,"href":"https:\/\/www.europesays.com\/se\/wp-json\/wp\/v2\/categories?post=116671"},{"taxonomy":"post_tag","embeddable":true,"href":"https:\/\/www.europesays.com\/se\/wp-json\/wp\/v2\/tags?post=116671"}],"curies":[{"name":"wp","href":"https:\/\/api.w.org\/{rel}","templated":true}]}}