{"id":116673,"date":"2025-12-25T15:24:30","date_gmt":"2025-12-25T15:24:30","guid":{"rendered":"https:\/\/www.europesays.com\/se\/116673\/"},"modified":"2025-12-25T15:24:30","modified_gmt":"2025-12-25T15:24:30","slug":"nar-gangsterrap-haller-liv-i-dag-hammarskjold","status":"publish","type":"post","link":"https:\/\/www.europesays.com\/se\/116673\/","title":{"rendered":"N\u00e4r gangsterrap h\u00e5ller liv i Dag Hammarskj\u00f6ld"},"content":{"rendered":"<p>\u220e <strong id=\"strong-ebccf5f904636a09a1f8e542ea8be6da\">SVERIGES KULTURKANON: DEL 2<\/strong><\/p>\n<p>Innan kanonkommitt\u00e9n kom till unds\u00e4ttning med sitt tillk\u00e4nnagivande att V\u00e4gm\u00e4rken ing\u00e5r, var f\u00f6rutom Svenska kyrkan och Mikael Persbrandt, svenska rappare de som tog st\u00f6rst ansvar f\u00f6r att h\u00e5lla liv i namnet Dag Hammarskj\u00f6ld.<\/p>\n<p>Det \u00e4r f\u00f6rst\u00e5s inte f\u00f6r att de f\u00f6rl\u00e4st sig p\u00e5 V\u00e4gm\u00e4rken, de postumt utgivna dagboksanteckningar som nu kanoniserats tillsammans med bland annat Heliga Birgittas Uppenbarelser och Emanuel Swedenborgs Dr\u00f6mbok i den torra kategorin L\u00e4rdom och sakprosa, som f\u00f6rortens musikaliska hj\u00e4ltar hyllar Hammarskj\u00f6ld. Utan f\u00f6rst\u00e5s f\u00f6r att den kriminella v\u00e4rlden \u00e4r ett av f\u00e5 sammanhang d\u00e4r kontanter fortfarande anv\u00e4nds flitigt, och d\u00e4r alla \u00e4r v\u00e4l medvetna om att det \u00e4r Hammarskj\u00f6lds ansikte som pryder tusenlappen.<\/p>\n<p>Manuskriptet hittades efter Hammarskj\u00f6lds d\u00f6d<\/p>\n<p>Sorgligt nog, eftersom den undre v\u00e4rldens vilsna sj\u00e4lar nog \u00e4r de som fr\u00e4mst kunde tj\u00e4na p\u00e5 att ta in det Hammarskj\u00f6ld skrev och funderade om i sin ensamhet. Verket \u00e4r knappast hans mest definierande livsverk, lika lite som hans n\u00e5got bortgl\u00f6mda roll som akademiledamot p\u00e5 stol 17 eller \u00f6vers\u00e4ttare av Djuna Barnes till svenska, men borde inspirera i en tid som beh\u00f6ver diplomater b\u00e5de i det lilla och stora.<\/p>\n<p><img alt=\"\" loading=\"lazy\" width=\"1920\" height=\"1200\" decoding=\"async\" data-nimg=\"1\" style=\"color:transparent;max-width:100%;width:100%\"   src=\"https:\/\/www.europesays.com\/se\/wp-content\/uploads\/2025\/12\/17ZpF4OHSTqw1Ug5lboEF3i7w9ME-REGULAR.jpg\"\/>En tusenlapp med motivet Dag Hammarskj\u00f6ld. Bild: Fredrik Sandberg\/TT <\/p>\n<p>V\u00e4gm\u00e4rken \u00f6verskuggas samtidigt n\u00e5got av sin tillblivelsehistoria. Manuskriptet fanns vid Hammarskj\u00f6lds d\u00f6d i l\u00e4genheten i New York, med ett brev adresserat till kabinettssekreteraren Leif Belfrage, d\u00e4r han skriver: &#8221;Den p\u00e5b\u00f6rjades utan tanke p\u00e5 att n\u00e5gon skulle f\u00e5 se den. Med mina senare \u00f6den, med allt som skrivits och sagts om mig har l\u00e4get f\u00f6r\u00e4ndrats.&#8221;<\/p>\n<p>Fr\u00e5n b\u00f6rjan skrevs dagboken inte f\u00f6r publicering, men Hammarskj\u00f6ld blir med tiden allt mer medveten om att han skriver f\u00f6r en publik. Och oroar sig allt mer sj\u00e4lv f\u00f6r att anteckningarna blir tillv\u00e4nda publiken och d\u00e4rf\u00f6r hycklande mot hans budskap, n\u00e4r han skriver: &#8221;Du fr\u00e5gar om icke dessa anteckningar till slut \u00e4r ett svek mot den livsv\u00e4g de sj\u00e4lva vill utstaka.&#8221;<\/p>\n<p>Texter om sj\u00e4lvuppoffring och d\u00f6dsl\u00e4ngtan<\/p>\n<p>Rent litter\u00e4rt \u00e4r kvaliteten blandad, meningarna omst\u00e4ndliga och med behov av skrivr\u00e5det att det inte n\u00f6dv\u00e4ndigt blir mer djupsinnigt eller poetiskt av radbrytningar. Men den etik som Hammarskj\u00f6ld f\u00f6rs\u00f6kte skriva fram och handla utifr\u00e5n \u00e4r h\u00e5rdare \u00e4n g\u00e4ngens. Men ljusare. Det handlar om sj\u00e4lvuppoffring, inte utan ett visst m\u00e5tt av sv\u00e4rta d\u00f6dsl\u00e4ngtan, men f\u00f6r n\u00e5got st\u00f6rre \u2013 han vill uppl\u00f6sa sig sj\u00e4lv som m\u00e5l f\u00f6r att vara ett medel f\u00f6r andra i en n\u00e4rmast martyrlik v\u00e4ndning av Kants kategoriska imperativ. Det handlar om att alldeles radikalt finnas till f\u00f6r andra, inte f\u00f6r sig sj\u00e4lv.<\/p>\n<p>Det \u00e4r religi\u00f6st anstruket, handlar allt mer om Gud, vilket kanske \u00e4r en av f\u00f6rklaringarna till att delar av Hammarskj\u00f6lds minne varit sv\u00e5rt i Sverige. Det \u00e4r helt enkelt inte tillr\u00e4ckligt sekul\u00e4rt. Och inte heller tillr\u00e4ckligt sossigt, trots att Hammarskj\u00f6ld medverkade i flera regeringar var han aldrig med i partiet, varf\u00f6r Olof Palme ofta kniper platsen som stor svensk i v\u00e4rlden.<\/p>\n<p>Sverige har, till skillnad fr\u00e5n USA d\u00e4r Hammarskj\u00f6ld bodde sina sista \u00e5r i livet, ingen stark tradition av studenttal som motsvarar amerikanska graduation speeches. Synd f\u00f6r Hammarskj\u00f6ld, som i genren hade kunnat bli en v\u00e4l citerad klassiker i ett mer passande format \u00e4n gangsterrap. I r\u00e4tt h\u00e4nder \u00e4r den en trygg v\u00e4n och v\u00e4gvisare genom livet. Vem \u00e4r aldrig vilse i det fr\u00e4mmande land som kallas livet, i behov av den k\u00e4nsla som f\u00e5ngas i de tv\u00e5 sista diktraderna Hammarskj\u00f6ld fick p\u00e5 pr\u00e4nt innan han for till Nordrhodesia och omkom n\u00e4r det flygplan han f\u00e4rdades i st\u00f6rtade i djungeln: &#8221;Och jag b\u00f6rjar k\u00e4nna kartan och v\u00e4derstrecken.&#8221;<\/p>\n<p>  Sveriges kulturkanon<\/p>\n<p>Detta \u00e4r en text i en serie om svensk kulturkanon fr\u00e5n Liberala Nyhetsbyr\u00e5n som publiceras under julghelgen 2025.<\/p>\n<p><img alt=\"Mimmie Bj\u00f6rnsdotter Gr\u00f6nkvist\" loading=\"lazy\" width=\"1080\" height=\"1080\" decoding=\"async\" data-nimg=\"1\" style=\"color:transparent;max-width:100%;width:100%\"   src=\"https:\/\/www.europesays.com\/se\/wp-content\/uploads\/2025\/12\/1766676270_842_SQUARE.png\"\/><\/p>\n","protected":false},"excerpt":{"rendered":"\u220e SVERIGES KULTURKANON: DEL 2 Innan kanonkommitt\u00e9n kom till unds\u00e4ttning med sitt tillk\u00e4nnagivande att V\u00e4gm\u00e4rken ing\u00e5r, var f\u00f6rutom&hellip;\n","protected":false},"author":2,"featured_media":116674,"comment_status":"","ping_status":"","sticky":false,"template":"","format":"standard","meta":{"footnotes":""},"categories":[67],"tags":[104,34,31,33,32,30,105],"class_list":{"0":"post-116673","1":"post","2":"type-post","3":"status-publish","4":"format-standard","5":"has-post-thumbnail","7":"category-underhallning","8":"tag-entertainment","9":"tag-se","10":"tag-svenska","11":"tag-sverige","12":"tag-sweden","13":"tag-swedish","14":"tag-underhallning"},"share_on_mastodon":{"url":"https:\/\/pubeurope.com\/@se\/115780902161028920","error":""},"_links":{"self":[{"href":"https:\/\/www.europesays.com\/se\/wp-json\/wp\/v2\/posts\/116673","targetHints":{"allow":["GET"]}}],"collection":[{"href":"https:\/\/www.europesays.com\/se\/wp-json\/wp\/v2\/posts"}],"about":[{"href":"https:\/\/www.europesays.com\/se\/wp-json\/wp\/v2\/types\/post"}],"author":[{"embeddable":true,"href":"https:\/\/www.europesays.com\/se\/wp-json\/wp\/v2\/users\/2"}],"replies":[{"embeddable":true,"href":"https:\/\/www.europesays.com\/se\/wp-json\/wp\/v2\/comments?post=116673"}],"version-history":[{"count":0,"href":"https:\/\/www.europesays.com\/se\/wp-json\/wp\/v2\/posts\/116673\/revisions"}],"wp:featuredmedia":[{"embeddable":true,"href":"https:\/\/www.europesays.com\/se\/wp-json\/wp\/v2\/media\/116674"}],"wp:attachment":[{"href":"https:\/\/www.europesays.com\/se\/wp-json\/wp\/v2\/media?parent=116673"}],"wp:term":[{"taxonomy":"category","embeddable":true,"href":"https:\/\/www.europesays.com\/se\/wp-json\/wp\/v2\/categories?post=116673"},{"taxonomy":"post_tag","embeddable":true,"href":"https:\/\/www.europesays.com\/se\/wp-json\/wp\/v2\/tags?post=116673"}],"curies":[{"name":"wp","href":"https:\/\/api.w.org\/{rel}","templated":true}]}}