{"id":116675,"date":"2025-12-25T15:28:07","date_gmt":"2025-12-25T15:28:07","guid":{"rendered":"https:\/\/www.europesays.com\/se\/116675\/"},"modified":"2025-12-25T15:28:07","modified_gmt":"2025-12-25T15:28:07","slug":"bil-korde-av-vagen-pa-e4-nara-odeshog","status":"publish","type":"post","link":"https:\/\/www.europesays.com\/se\/116675\/","title":{"rendered":"Bil k\u00f6rde av v\u00e4gen p\u00e5 E4 n\u00e4ra \u00d6desh\u00f6g"},"content":{"rendered":"<p>Enligt Trafikverkets ber\u00e4kningar ska olyckan ha en stor p\u00e5verkan p\u00e5 \u00f6vrig trafik. R\u00e4ddningstj\u00e4nsten uppdaterar vid 16:15-tiden att tre personer \u00e4r drabbade, och kontrollerades av ambulanssjukv\u00e5rdare. Ingen ska dock ha beh\u00f6vt f\u00f6lja med till sjukhus meddelar sjukv\u00e5rdsledare.\u2013 Det \u00e4r v\u00e4ldigt mycket trafik. V\u00e4gen kommer st\u00e4ngas av en kort stund f\u00f6r sanering d\u00e4refter komme<\/p>\n","protected":false},"excerpt":{"rendered":"Enligt Trafikverkets ber\u00e4kningar ska olyckan ha en stor p\u00e5verkan p\u00e5 \u00f6vrig trafik. R\u00e4ddningstj\u00e4nsten uppdaterar vid 16:15-tiden att tre&hellip;\n","protected":false},"author":2,"featured_media":15462,"comment_status":"","ping_status":"","sticky":false,"template":"","format":"standard","meta":{"footnotes":""},"categories":[12],"tags":[22,23,26,27,17,21,24,25,28,29,15,16,18,34,31,33,32,30,19,20],"class_list":{"0":"post-116675","1":"post","2":"type-post","3":"status-publish","4":"format-standard","5":"has-post-thumbnail","7":"category-sverige","8":"tag-breaking-news","9":"tag-breakingnews","10":"tag-featured-news","11":"tag-featurednews","12":"tag-headlines","13":"tag-huvudnyheter","14":"tag-latest-news","15":"tag-latestnews","16":"tag-main-news","17":"tag-mainnews","18":"tag-news","19":"tag-nyheter","20":"tag-rubriker","21":"tag-se","22":"tag-svenska","23":"tag-sverige","24":"tag-sweden","25":"tag-swedish","26":"tag-top-stories","27":"tag-topstories"},"share_on_mastodon":{"url":"https:\/\/pubeurope.com\/@se\/115780918211555390","error":""},"_links":{"self":[{"href":"https:\/\/www.europesays.com\/se\/wp-json\/wp\/v2\/posts\/116675","targetHints":{"allow":["GET"]}}],"collection":[{"href":"https:\/\/www.europesays.com\/se\/wp-json\/wp\/v2\/posts"}],"about":[{"href":"https:\/\/www.europesays.com\/se\/wp-json\/wp\/v2\/types\/post"}],"author":[{"embeddable":true,"href":"https:\/\/www.europesays.com\/se\/wp-json\/wp\/v2\/users\/2"}],"replies":[{"embeddable":true,"href":"https:\/\/www.europesays.com\/se\/wp-json\/wp\/v2\/comments?post=116675"}],"version-history":[{"count":0,"href":"https:\/\/www.europesays.com\/se\/wp-json\/wp\/v2\/posts\/116675\/revisions"}],"wp:featuredmedia":[{"embeddable":true,"href":"https:\/\/www.europesays.com\/se\/wp-json\/wp\/v2\/media\/15462"}],"wp:attachment":[{"href":"https:\/\/www.europesays.com\/se\/wp-json\/wp\/v2\/media?parent=116675"}],"wp:term":[{"taxonomy":"category","embeddable":true,"href":"https:\/\/www.europesays.com\/se\/wp-json\/wp\/v2\/categories?post=116675"},{"taxonomy":"post_tag","embeddable":true,"href":"https:\/\/www.europesays.com\/se\/wp-json\/wp\/v2\/tags?post=116675"}],"curies":[{"name":"wp","href":"https:\/\/api.w.org\/{rel}","templated":true}]}}