{"id":116676,"date":"2025-12-25T15:29:31","date_gmt":"2025-12-25T15:29:31","guid":{"rendered":"https:\/\/www.europesays.com\/se\/116676\/"},"modified":"2025-12-25T15:29:31","modified_gmt":"2025-12-25T15:29:31","slug":"auschwitz-overlevare-far-stamma-forlag-for-att-ha-skrivit-polskt-forintelselager","status":"publish","type":"post","link":"https:\/\/www.europesays.com\/se\/116676\/","title":{"rendered":"Auschwitz-\u00f6verlevare f\u00e5r st\u00e4mma f\u00f6rlag f\u00f6r att ha skrivit \u201dpolskt f\u00f6rintelsel\u00e4ger\u201d"},"content":{"rendered":"<p>Polen vill inte h\u00e5llas ansvarigt f\u00f6r koncentrationsl\u00e4ger<\/p>\n<p>Zalewski var medlem i motst\u00e5ndsr\u00f6relsen under kriget och tillbringade n\u00e4stan tv\u00e5 \u00e5r i tyska koncentrationsl\u00e4ger, varav en m\u00e5nad i <a href=\"https:\/\/varldenshistoria.se\/krig\/andra-varldskriget\/forintelsen\/auschwitz-nazisternas-mest-beryktade-koncentrationslager\" class=\"hover:font-bold\" rel=\"nofollow noopener\" target=\"_blank\">Auschwitz<\/a>.<\/p>\n<p>Idag \u00e4r han ordf\u00f6rande f\u00f6r den polska f\u00f6reningen f\u00f6r f\u00f6re detta politiska f\u00e5ngar och har i \u00e5ratal k\u00e4mpat mot begrepp som antyder polskt ansvar f\u00f6r l\u00e4gren.<\/p>\n<p>Under nazisternas ockupation hade Polen ingen kollaborerande regering och stod under direkt tysk administration, och miljontals b\u00e5de polska judar och icke-judar dog i nazisternas l\u00e4ger.<\/p>\n<p>Tvisten om beteckningen \u201dpolska d\u00f6dsl\u00e4ger\u201d g\u00e5r tillbaka till de f\u00f6rsta efterkrigs\u00e5ren och har sedan dess utvecklats till ett internationellt minf\u00e4lt.<\/p>\n<p>Polska regeringar och diasporaorganisationer har rutinm\u00e4ssigt inv\u00e4nt mot beteckningen i utl\u00e4ndska medier, precis som historiker och institutioner som Yad Vashem, den israeliska minnesf\u00f6reningen f\u00f6r <a href=\"https:\/\/varldenshistoria.se\/krig\/andra-varldskriget\/forintelsen\/forintelsen-dodsfabriker-utforde-1900-talets-varsta-folkmord\" class=\"hover:font-bold\" rel=\"nofollow noopener\" target=\"_blank\">f\u00f6rintelsens<\/a> offer, upprepade g\u00e5nger har p\u00e5pekat att uttrycket \u00e4r missvisande.<\/p>\n<p>I Polen kulminerade kontroversen 2018 n\u00e4r parlamentet antog en lag som kriminaliserar uttalanden som tillskriver ansvaret f\u00f6r nazisternas brott till \u201dden polska nationen\u201d.<\/p>\n","protected":false},"excerpt":{"rendered":"Polen vill inte h\u00e5llas ansvarigt f\u00f6r koncentrationsl\u00e4ger Zalewski var medlem i motst\u00e5ndsr\u00f6relsen under kriget och tillbringade n\u00e4stan tv\u00e5&hellip;\n","protected":false},"author":2,"featured_media":116677,"comment_status":"","ping_status":"","sticky":false,"template":"","format":"standard","meta":{"footnotes":""},"categories":[5],"tags":[22,23,26,27,17,21,24,25,28,29,15,16,18,34,31,33,32,30,19,20],"class_list":{"0":"post-116676","1":"post","2":"type-post","3":"status-publish","4":"format-standard","5":"has-post-thumbnail","7":"category-rubriker","8":"tag-breaking-news","9":"tag-breakingnews","10":"tag-featured-news","11":"tag-featurednews","12":"tag-headlines","13":"tag-huvudnyheter","14":"tag-latest-news","15":"tag-latestnews","16":"tag-main-news","17":"tag-mainnews","18":"tag-news","19":"tag-nyheter","20":"tag-rubriker","21":"tag-se","22":"tag-svenska","23":"tag-sverige","24":"tag-sweden","25":"tag-swedish","26":"tag-top-stories","27":"tag-topstories"},"share_on_mastodon":{"url":"https:\/\/pubeurope.com\/@se\/115780921798870825","error":""},"_links":{"self":[{"href":"https:\/\/www.europesays.com\/se\/wp-json\/wp\/v2\/posts\/116676","targetHints":{"allow":["GET"]}}],"collection":[{"href":"https:\/\/www.europesays.com\/se\/wp-json\/wp\/v2\/posts"}],"about":[{"href":"https:\/\/www.europesays.com\/se\/wp-json\/wp\/v2\/types\/post"}],"author":[{"embeddable":true,"href":"https:\/\/www.europesays.com\/se\/wp-json\/wp\/v2\/users\/2"}],"replies":[{"embeddable":true,"href":"https:\/\/www.europesays.com\/se\/wp-json\/wp\/v2\/comments?post=116676"}],"version-history":[{"count":0,"href":"https:\/\/www.europesays.com\/se\/wp-json\/wp\/v2\/posts\/116676\/revisions"}],"wp:featuredmedia":[{"embeddable":true,"href":"https:\/\/www.europesays.com\/se\/wp-json\/wp\/v2\/media\/116677"}],"wp:attachment":[{"href":"https:\/\/www.europesays.com\/se\/wp-json\/wp\/v2\/media?parent=116676"}],"wp:term":[{"taxonomy":"category","embeddable":true,"href":"https:\/\/www.europesays.com\/se\/wp-json\/wp\/v2\/categories?post=116676"},{"taxonomy":"post_tag","embeddable":true,"href":"https:\/\/www.europesays.com\/se\/wp-json\/wp\/v2\/tags?post=116676"}],"curies":[{"name":"wp","href":"https:\/\/api.w.org\/{rel}","templated":true}]}}