{"id":116680,"date":"2025-12-25T15:32:30","date_gmt":"2025-12-25T15:32:30","guid":{"rendered":"https:\/\/www.europesays.com\/se\/116680\/"},"modified":"2025-12-25T15:32:30","modified_gmt":"2025-12-25T15:32:30","slug":"svenska-kriminaldramat-sags-av-13-miljoner-tittare-nu-slapps-nasta-sasong","status":"publish","type":"post","link":"https:\/\/www.europesays.com\/se\/116680\/","title":{"rendered":"Svenska kriminaldramat s\u00e5gs av 1,3 miljoner tittare \u2013\u00a0nu sl\u00e4pps n\u00e4sta s\u00e4song"},"content":{"rendered":"<p>&#13;<br \/>\n                 &#13;<br \/>\n                                                Iris Broman \u00e5terv\u00e4nder n\u00e4r kalla fall-gruppen st\u00e4lls inf\u00f6r ett nytt mysterium&#13;<br \/>\n    &#13;<\/p>\n<p class=\"content-article__preamble\">N\u00e4r kriminalserien om Iris Broman \u00e5terv\u00e4nder g\u00f6rs ett makabert fynd utanf\u00f6r Ystad. Snart dras hon och kalla fall-gruppen in i ett sammanfl\u00e4tat mysterium.<\/p>\n<p>&#13;<br \/>\n                                            &#13;<br \/>\n    &#13;<br \/>\n    &#13;<br \/>\n&#13;<br \/>\n    &#13;<br \/>\n    &#13;<\/p>\n<p><strong>Nu lagom till \u00e5rets slut finns forts\u00e4ttningen av en av TV4:s<\/strong> st\u00f6rsta och mest omtalade krimserier ute f\u00f6r tittarna. Runt \u00e5rsskiftet 2023-2024 sl\u00e4ppte kanalen en ny <strong>Sofia Helin<\/strong>-ledd kriminalsatsning som gjorde s\u00e5 pass stor succ\u00e9 att n\u00e4rmare 1,4 miljoner svenska tittare b\u00e4nkade sig framf\u00f6r det.<\/p>\n<p><strong style=\"font-family: -apple-system, BlinkMacSystemFont, 'Segoe UI', Roboto, Oxygen, Ubuntu, Cantarell, 'Open Sans', 'Helvetica Neue', sans-serif;\">L\u00c4S OCKS\u00c5:<\/strong>\u00a0<a style=\"font-family: -apple-system, BlinkMacSystemFont, &#039;Segoe UI&#039;, Roboto, Oxygen, Ubuntu, Cantarell, &#039;Open Sans&#039;, &#039;Helvetica Neue&#039;, sans-serif;\" href=\"https:\/\/www.filmtopp.se\/nyhet\/svtplay-hyllad-spionthriller-ar-den-mest-sedda-filmen-pa-svt-play-just-nu-brutal\" rel=\"nofollow noopener\" target=\"_blank\">Hyllad spionthriller \u00e4r den mest sedda filmen p\u00e5 SVT Play just nu: \u201dBrutal\u201d<\/a><\/p>\n<p>Iris Bromans ber\u00e4ttelse forts\u00e4tter<\/p>\n<p>Nu streamar s\u00e4song 2 av Sanningen p\u00e5\u00a0<a href=\"https:\/\/www.tv4play.se\/\" target=\"_blank\" rel=\"noopener nofollow\">TV4 Play<\/a>\u00a0och tar med publiken tillbaka till Sk\u00e5nes m\u00f6rkare sidor.<\/p>\n<p dir=\"ltr\">Serien f\u00f6ljer kalla fall-gruppen i Malm\u00f6 ledda av Iris Broman (<strong>Sofia Helin<\/strong>). Den nya s\u00e4songen inleds med ett makabert fynd: en kropp som gr\u00e4vts ner strax utanf\u00f6r Ystad, samtidigt som ett dokument\u00e4rteam \u00e5terv\u00e4nder till ett gammalt, ouppklarat fall. Ganska snart uppst\u00e5r misstankar om att h\u00e4ndelserna \u00e4r sammanfl\u00e4tade.\u00a0<\/p>\n<p dir=\"ltr\">Utredningen kompliceras ytterligare n\u00e4r Iris ov\u00e4ntat kontaktas av sin tidigare kollega Adam i Stockholm \u2013 ett besked som skakar om relationerna och f\u00f6r\u00e4ndrar dynamiken inom gruppen.<\/p>\n<p dir=\"ltr\">P\u00e5 rollistan i den nya s\u00e4songen ser vi <strong>Sofia<\/strong> <strong>Helin<\/strong>, <strong>P\u00e5l Sverre Hagen <\/strong>och <strong>Bj\u00f6rn Bengtsson<\/strong> med flera.<\/p>\n<p dir=\"ltr\"><strong>L\u00c4S OCKS\u00c5:<\/strong>\u00a0<a href=\"https:\/\/www.filmtopp.se\/nyhet\/svtplay-ny-sasong-av-hyllad-dansk-dramaserie-har-precis-kommit-till-svt-play\" rel=\"nofollow noopener\" target=\"_blank\">Ny s\u00e4song av hyllad dansk dramaserie har precis kommit till SVT Play<\/a><\/p>\n<p>Forts\u00e4ttningen lovar att bjuda p\u00e5 mer sp\u00e4nning och starka k\u00e4nslor<\/p>\n<p dir=\"ltr\">\u2013 Sanningen blev precis den succ\u00e9 vi hoppades p\u00e5 \u2013 och vi kan lova att forts\u00e4ttningen bjuder p\u00e5 \u00e4nnu mer sp\u00e4nning, starka k\u00e4nslor och ov\u00e4ntade v\u00e4ndningar, s\u00e4ger <strong>Lisa<\/strong> <strong>Dahlberg<\/strong>, exekutiv producent p\u00e5 <strong>TV4<\/strong> <strong>Drama<\/strong>, i ett pressmeddelande om den nya s\u00e4songen.<\/p>\n<p dir=\"ltr\">Serien \u00e4r skapad av <strong>Camilla<\/strong> <strong>Ahlgren<\/strong> (Bron, St\u00f6rst av allt), <strong>Martin<\/strong> <strong>Asphaug<\/strong> (Morden i Sandhamn, G\u00e5smamman) och <strong>Alex<\/strong> <strong>Haridi<\/strong> (Stenbeck, St\u00f6rst av allt). Regiss\u00f6rer \u00e4r <strong>Johan<\/strong> <strong>Lundin<\/strong> och <strong>Linn<\/strong> <strong>Mannheimer<\/strong>.<\/p>\n<p><img loading=\"lazy\" decoding=\"async\" src=\"https:\/\/www.europesays.com\/se\/wp-content\/uploads\/2025\/12\/VB_sanningen_2_foto_Carolina_Romare.jpg\" alt=\"Svenska kriminaldramat s\u00e5gs av 1,3 miljoner tittare \u2013\u00a0nu sl\u00e4pps n\u00e4sta s\u00e4song\" width=\"900\" height=\"576\"\/>&#13;<br \/>\nFoto: TV4.&#13;<\/p>\n<p>Filmtopp: \u201cSp\u00e4nnande med ett lurigt mysterium\u201d<\/p>\n<p dir=\"ltr\">Snittet hos den svenska kritikerk\u00e5ren hamnade p\u00e5 3,4 av 5 i betyg f\u00f6r den f\u00f6rsta s\u00e4songen av kriminaldramat. <strong>Filmtopps recensent Malin Sandberg<\/strong> gav betyget 3 av 5 med motiveringen att den har sex sp\u00e4nnande avsnitt som ger \u201den intressant inblick p\u00e5 sorg och skamk\u00e4nslor b\u00e5de hos Iris och resten av karakt\u00e4rerna\u201d.<\/p>\n<p dir=\"ltr\">Filmtopp har recenserat \u00e4ven den andra s\u00e4songen och ger ett likadant betyg. Den g\u00e5ngen \u00e4r det <strong>Thindra Rundstr\u00f6m\u00a0<\/strong>som tittat. Hon anser att regin hade kunnat vara mer sp\u00e4nnande, likas\u00e5 portr\u00e4ttet av Iris Broman, men tycker att historien \u00e4r tillr\u00e4ckligt stark f\u00f6r att engagera hela v\u00e4gen.<\/p>\n<p dir=\"ltr\"><strong>\u201dSanningen\u201d s\u00e4song 2 finns nu p\u00e5 TV4 Play. Det kr\u00e4vs plus-abonnemang f\u00f6r att streama.\u00a0<\/strong><\/p>\n<p><strong><a href=\"https:\/\/www.filmtopp.se\/\" rel=\"nofollow noopener\" target=\"_blank\">Filmtopp<\/a> uppdaterar dig med nyheter och tips inom streaming. F\u00f6r att inte missa n\u00e5gon stor h\u00e4ndelse \u2013 <a href=\"https:\/\/www.facebook.com\/filmtopp\" target=\"_blank\" rel=\"noopener nofollow\">f\u00f6lj oss p\u00e5 Facebook<\/a>.<\/strong><\/p>\n","protected":false},"excerpt":{"rendered":"&#13; &#13; Iris Broman \u00e5terv\u00e4nder n\u00e4r kalla fall-gruppen st\u00e4lls inf\u00f6r ett nytt mysterium&#13; &#13; N\u00e4r kriminalserien om Iris&hellip;\n","protected":false},"author":2,"featured_media":116681,"comment_status":"","ping_status":"","sticky":false,"template":"","format":"standard","meta":{"footnotes":""},"categories":[67],"tags":[104,34,31,33,32,30,105],"class_list":{"0":"post-116680","1":"post","2":"type-post","3":"status-publish","4":"format-standard","5":"has-post-thumbnail","7":"category-underhallning","8":"tag-entertainment","9":"tag-se","10":"tag-svenska","11":"tag-sverige","12":"tag-sweden","13":"tag-swedish","14":"tag-underhallning"},"share_on_mastodon":{"url":"https:\/\/pubeurope.com\/@se\/115780933768410209","error":""},"_links":{"self":[{"href":"https:\/\/www.europesays.com\/se\/wp-json\/wp\/v2\/posts\/116680","targetHints":{"allow":["GET"]}}],"collection":[{"href":"https:\/\/www.europesays.com\/se\/wp-json\/wp\/v2\/posts"}],"about":[{"href":"https:\/\/www.europesays.com\/se\/wp-json\/wp\/v2\/types\/post"}],"author":[{"embeddable":true,"href":"https:\/\/www.europesays.com\/se\/wp-json\/wp\/v2\/users\/2"}],"replies":[{"embeddable":true,"href":"https:\/\/www.europesays.com\/se\/wp-json\/wp\/v2\/comments?post=116680"}],"version-history":[{"count":0,"href":"https:\/\/www.europesays.com\/se\/wp-json\/wp\/v2\/posts\/116680\/revisions"}],"wp:featuredmedia":[{"embeddable":true,"href":"https:\/\/www.europesays.com\/se\/wp-json\/wp\/v2\/media\/116681"}],"wp:attachment":[{"href":"https:\/\/www.europesays.com\/se\/wp-json\/wp\/v2\/media?parent=116680"}],"wp:term":[{"taxonomy":"category","embeddable":true,"href":"https:\/\/www.europesays.com\/se\/wp-json\/wp\/v2\/categories?post=116680"},{"taxonomy":"post_tag","embeddable":true,"href":"https:\/\/www.europesays.com\/se\/wp-json\/wp\/v2\/tags?post=116680"}],"curies":[{"name":"wp","href":"https:\/\/api.w.org\/{rel}","templated":true}]}}