{"id":116688,"date":"2025-12-25T15:48:47","date_gmt":"2025-12-25T15:48:47","guid":{"rendered":"https:\/\/www.europesays.com\/se\/116688\/"},"modified":"2025-12-25T15:48:47","modified_gmt":"2025-12-25T15:48:47","slug":"maud-bernhagens-ensamma-liv-pa-tv4","status":"publish","type":"post","link":"https:\/\/www.europesays.com\/se\/116688\/","title":{"rendered":"Maud Bernhagens ensamma liv p\u00e5 TV4"},"content":{"rendered":"<p>Publicerad 24 dec 2025 kl 21.23Uppdaterad 25 dec kl 07.10<\/p>\n<p>Maud Bernhagen \u00e4r ensam.\u00a0<\/p>\n<p>Mest hela tiden.\u00a0<\/p>\n<p>\u2013 Jag har gjort alla fel man kan g\u00f6ra, s\u00e4ger TV4-profilen.\u00a0<\/p>\n<p>Senaste sportklippen fr\u00e5n Expressen.<img   alt=\"\"\/><\/p>\n<p>Maud Bernhagen.<\/p>\n<p>Foto: JENS CHRISTIAN<\/p>\n<p>\u00d6ppna bild i helsk\u00e4rm<\/p>\n<p>Maud Bernhagen \u00e4r tillbaka i hetluften.\u00a0<\/p>\n<p>F\u00f6r f\u00f6rsta g\u00e5ngen p\u00e5 16 \u00e5r g\u00f6r <a href=\"https:\/\/www.expressen.se\/tagg\/organization\/tv4\/\" class=\"\" rel=\"nofollow noopener\" target=\"_blank\">TV4<\/a>-profilen ett OS igen.\u00a0<\/p>\n<p>Artikeln i korthet<\/p>\n<p> Maud Bernhagen g\u00f6r sitt f\u00f6rsta OS p\u00e5 16 \u00e5r i Italien i februari<\/p>\n<p> N\u00e4r TV4 har gjort om \u00e4r hon inte l\u00e4ngre programledare och tvingas jobba ensam<\/p>\n<p> Nu ser hon fram emot OS och f\u00e5 jobba med kolleger igen<\/p>\n<p>Visa mer<\/p>\n<p>N\u00e4r kanalen nu har r\u00e4ttigheterna till m\u00e4sterskapet p\u00e5 nytt \u00e4r 56-\u00e5ringen en del av truppen som kommer att bevaka skidskyttet i Antholz.\u00a0<\/p>\n<p>\u2013 Det blir mitt tredje OS nu. S\u00e5 n\u00e4r Magdalena Forsberg avslutade sin OS-karri\u00e4r i Salt Lake City, d\u00e5 var jag d\u00e4r. Det var mitt f\u00f6rsta, s\u00e4ger hon.\u00a0<\/p>\n<p>Nu \u00e4r hon kollega med samma Forsberg som kommer agera expert under s\u00e4ndningarna. \u00c4ven om det var ett tag sedan sist saknas inte rutin fr\u00e5n skidskytte.<\/p>\n<p>\u2013 Jag har gjort sex VM ocks\u00e5. S\u00e5 det \u00e4r skidor och skidskytte som \u00e4r min grej, s\u00e4ger hon.\u00a0<\/p>\n<p>Ensamt liv p\u00e5 TV4\u00a0<\/p>\n<p>Efter alla \u00e5r p\u00e5 TV4 har Bernhagen sett b\u00e5de branschen och sina egna arbetsuppgifter f\u00f6r\u00e4ndras. Fr\u00e5n programledare i nyhetss\u00e4ndningarna till att nu vara reporter p\u00e5 f\u00e4lt. Eller som hon sj\u00e4lv kallar det: \u201densamteamet\u201d<\/p>\n<p>Nu \u00e5ker hon runt helt ensam p\u00e5 diverse jobb. Det enda s\u00e4llskapet \u00e4r en kamera.\u00a0<\/p>\n<p>\u00a0\u2013 Jag har ju inte bytt jobb, men jag g\u00f6r ju andra saker. Det \u00e4r ett helt annat hantverk. Det \u00e4r s\u00e5 sv\u00e5rt, men ocks\u00e5 s\u00e5 kul. Det \u00e4r bara min kreativitet, jag f\u00e5r ju best\u00e4mma helt sj\u00e4lv hur det ska bli, s\u00e4ger hon.\u00a0<\/p>\n<p><img loading=\"lazy\"   alt=\"\"\/><\/p>\n<p>Bernhagen har jobbat p\u00e5 TV4 i m\u00e5nga \u00e5r.<\/p>\n<p>Foto: PETTER ARVIDSON \/ BILDBYR\u00c5N<\/p>\n<p>\u00d6ppna bild i helsk\u00e4rm<\/p>\n<p>F\u00f6rr hade hon en fotograf med sig som kunde fokusera p\u00e5 att f\u00e5nga bilderna, medan hon sj\u00e4lv f\u00f6ljde vad som h\u00e4nde. Nu m\u00e5ste hon sj\u00e4lv se till att f\u00e5 med sig de bilder som beh\u00f6vs, samtidigt som hon ska h\u00e5lla koll p\u00e5 hur det g\u00e5r i t\u00e4vlingarna.\u00a0<\/p>\n<p>\u2013 Det \u00e4r v\u00e4ldigt stressigt. Jag hinner inte st\u00e5 och kolla f\u00f6r d\u00e5 h\u00e5ller jag p\u00e5 och filmar p\u00e5 annat h\u00e5ll. Det har varit \u201dlearning by doing\u201d. Jag har gjort alla fel man kan g\u00f6ra tror jag, s\u00e4ger Bernhagen.\u00a0<\/p>\n<p><strong>Hur l\u00f6ser du ensamheten n\u00e4r du \u00e4r ute? \u00a0<\/strong><\/p>\n<p>\u2013 Det blir inte s\u00e5 mycket fritid. Dels \u00e4r det t\u00e4vlingarna, sedan kanske man \u00e4r med i Nyhetsmorgon, Nyhetsdagen och Efter Fem. Sedan \u00e4r man i mixade zonen, sedan ska man hem och redigera och sedan \u00e4r det middag och godnatt, s\u00e4ger hon och forts\u00e4tter:\u00a0<\/p>\n<p>\u2013 Men man \u00e4r ju ensam p\u00e5 resan, ensam i hyrbilen och ensam i planeringen. Men jag brukar faktiskt smita med SVT och kolla var de bor.\u00a0<\/p>\n<p>\u201dJag var f\u00e4rdig med det\u201d<\/p>\n<p>I januari 2023 lade TV4 ner sina sports\u00e4ndningar. Sedan dess \u00e4r sporten bara en del av den \u201dvanliga\u201d nyhetss\u00e4ndningen. Det var ocks\u00e5 i samband med det som Bernhagen klev in i en ny roll p\u00e5 kanalen.\u00a0<\/p>\n<p><strong>Finns det n\u00e5gon bitterhet \u00f6ver att de tog bort sports\u00e4ndningarna?\u00a0<\/strong><\/p>\n<p>\u2013 Nej, jag var f\u00e4rdig med det sedan m\u00e5nga \u00e5r. Man f\u00f6rst\u00e5r det ocks\u00e5. Det \u00e4r bara kolla hur man sj\u00e4lv konsumerar tv. Det \u00e4r ganska naturligt. Sedan sliter man sitt h\u00e5r f\u00f6r att det \u00e4r ett sv\u00e5rt jobb att l\u00e4ra sig, men det \u00e4r ocks\u00e5 en del av utmaningen.\u00a0<\/p>\n<p>I februari \u00e4r det slut p\u00e5 ensamteamet, i alla fall f\u00f6r en stund. Under OS kommer de vara en stor redaktion p\u00e5 plats.\u00a0<\/p>\n<p>\u2013 Det ska bli helt otroligt. Nu kommer man ha en redakt\u00f6r och uppbackning. Det \u00e4r ju s\u00e5 kul. S\u00e5 beh\u00f6ver jag inte ta rygg p\u00e5 SVT, nu har jag egna kolleger, s\u00e4ger Bernhagen och skrattar.\u00a0<\/p>\n<p>Skidskyttet i OS avg\u00f6rs i Antholz 8-21 februari.\u00a0<\/p>\n<p><img alt=\"\"\/>Ljudklippet gick inte att spela upp<\/p>\n<p>F\u00f6rs\u00f6k igen senare<\/p>\n","protected":false},"excerpt":{"rendered":"Publicerad 24 dec 2025 kl 21.23Uppdaterad 25 dec kl 07.10 Maud Bernhagen \u00e4r ensam.\u00a0 Mest hela tiden.\u00a0 \u2013&hellip;\n","protected":false},"author":2,"featured_media":116689,"comment_status":"","ping_status":"","sticky":false,"template":"","format":"standard","meta":{"footnotes":""},"categories":[68],"tags":[361,384,6059,34,111,110,31,33,32,30],"class_list":{"0":"post-116688","1":"post","2":"type-post","3":"status-publish","4":"format-standard","5":"has-post-thumbnail","7":"category-sport","8":"tag-organization-svt","9":"tag-organization-tv4","10":"tag-person-magdalena-forsberg","11":"tag-se","12":"tag-sport","13":"tag-sports","14":"tag-svenska","15":"tag-sverige","16":"tag-sweden","17":"tag-swedish"},"share_on_mastodon":{"url":"https:\/\/pubeurope.com\/@se\/115781000482900642","error":""},"_links":{"self":[{"href":"https:\/\/www.europesays.com\/se\/wp-json\/wp\/v2\/posts\/116688","targetHints":{"allow":["GET"]}}],"collection":[{"href":"https:\/\/www.europesays.com\/se\/wp-json\/wp\/v2\/posts"}],"about":[{"href":"https:\/\/www.europesays.com\/se\/wp-json\/wp\/v2\/types\/post"}],"author":[{"embeddable":true,"href":"https:\/\/www.europesays.com\/se\/wp-json\/wp\/v2\/users\/2"}],"replies":[{"embeddable":true,"href":"https:\/\/www.europesays.com\/se\/wp-json\/wp\/v2\/comments?post=116688"}],"version-history":[{"count":0,"href":"https:\/\/www.europesays.com\/se\/wp-json\/wp\/v2\/posts\/116688\/revisions"}],"wp:featuredmedia":[{"embeddable":true,"href":"https:\/\/www.europesays.com\/se\/wp-json\/wp\/v2\/media\/116689"}],"wp:attachment":[{"href":"https:\/\/www.europesays.com\/se\/wp-json\/wp\/v2\/media?parent=116688"}],"wp:term":[{"taxonomy":"category","embeddable":true,"href":"https:\/\/www.europesays.com\/se\/wp-json\/wp\/v2\/categories?post=116688"},{"taxonomy":"post_tag","embeddable":true,"href":"https:\/\/www.europesays.com\/se\/wp-json\/wp\/v2\/tags?post=116688"}],"curies":[{"name":"wp","href":"https:\/\/api.w.org\/{rel}","templated":true}]}}