{"id":116690,"date":"2025-12-25T15:49:08","date_gmt":"2025-12-25T15:49:08","guid":{"rendered":"https:\/\/www.europesays.com\/se\/116690\/"},"modified":"2025-12-25T15:49:08","modified_gmt":"2025-12-25T15:49:08","slug":"asa-orbison-slapper-julskiva-med-hela-familjen","status":"publish","type":"post","link":"https:\/\/www.europesays.com\/se\/116690\/","title":{"rendered":"\u00c5sa Orbison sl\u00e4pper julskiva med hela familjen"},"content":{"rendered":"<p>\u00c5sa Orbison v\u00e4xte upp p\u00e5 Pilgatan i Katrineholm, mamma Eva drev B\u00e5senberga konferens och pappa Bo var r\u00f6rmokare. Och hon var intresserad av musik l\u00e5ngt innan hon gifte in sig i en legendarisk musikfamilj. Som ton\u00e5ring p\u00e5 Tall\u00e5sskolan hade hon Hasse Th\u00f6rnberg som musikl\u00e4rare och mentor.\u2013 Han bodde ett kvarter fr\u00e5n oss och jag umgicks mycket med hans barn, vi sov \u00f6ver o<\/p>\n","protected":false},"excerpt":{"rendered":"\u00c5sa Orbison v\u00e4xte upp p\u00e5 Pilgatan i Katrineholm, mamma Eva drev B\u00e5senberga konferens och pappa Bo var r\u00f6rmokare.&hellip;\n","protected":false},"author":2,"featured_media":116691,"comment_status":"","ping_status":"","sticky":false,"template":"","format":"standard","meta":{"footnotes":""},"categories":[67],"tags":[104,34,31,33,32,30,105],"class_list":{"0":"post-116690","1":"post","2":"type-post","3":"status-publish","4":"format-standard","5":"has-post-thumbnail","7":"category-underhallning","8":"tag-entertainment","9":"tag-se","10":"tag-svenska","11":"tag-sverige","12":"tag-sweden","13":"tag-swedish","14":"tag-underhallning"},"share_on_mastodon":{"url":"https:\/\/pubeurope.com\/@se\/115781000544756366","error":""},"_links":{"self":[{"href":"https:\/\/www.europesays.com\/se\/wp-json\/wp\/v2\/posts\/116690","targetHints":{"allow":["GET"]}}],"collection":[{"href":"https:\/\/www.europesays.com\/se\/wp-json\/wp\/v2\/posts"}],"about":[{"href":"https:\/\/www.europesays.com\/se\/wp-json\/wp\/v2\/types\/post"}],"author":[{"embeddable":true,"href":"https:\/\/www.europesays.com\/se\/wp-json\/wp\/v2\/users\/2"}],"replies":[{"embeddable":true,"href":"https:\/\/www.europesays.com\/se\/wp-json\/wp\/v2\/comments?post=116690"}],"version-history":[{"count":0,"href":"https:\/\/www.europesays.com\/se\/wp-json\/wp\/v2\/posts\/116690\/revisions"}],"wp:featuredmedia":[{"embeddable":true,"href":"https:\/\/www.europesays.com\/se\/wp-json\/wp\/v2\/media\/116691"}],"wp:attachment":[{"href":"https:\/\/www.europesays.com\/se\/wp-json\/wp\/v2\/media?parent=116690"}],"wp:term":[{"taxonomy":"category","embeddable":true,"href":"https:\/\/www.europesays.com\/se\/wp-json\/wp\/v2\/categories?post=116690"},{"taxonomy":"post_tag","embeddable":true,"href":"https:\/\/www.europesays.com\/se\/wp-json\/wp\/v2\/tags?post=116690"}],"curies":[{"name":"wp","href":"https:\/\/api.w.org\/{rel}","templated":true}]}}