{"id":116694,"date":"2025-12-25T15:57:29","date_gmt":"2025-12-25T15:57:29","guid":{"rendered":"https:\/\/www.europesays.com\/se\/116694\/"},"modified":"2025-12-25T15:57:29","modified_gmt":"2025-12-25T15:57:29","slug":"ivar-stenbergs-tuffa-dueller-med-storebror-otto-mycket-brak-lite-tarar","status":"publish","type":"post","link":"https:\/\/www.europesays.com\/se\/116694\/","title":{"rendered":"Ivar Stenbergs tuffa dueller med storebror Otto: &#8221;Mycket br\u00e5k, lite t\u00e5rar&#8221;"},"content":{"rendered":"<p><strong>Konkurrensen med br\u00f6derna Otto och Knut har satt sina sp\u00e5r. H\u00f6stens stora SHL-succ\u00e9 <a href=\"https:\/\/hockeysverige.se\/spelare\/ivar-stenberg\/\" rel=\"nofollow noopener\" target=\"_blank\">Ivar Stenberg<\/a> tror inte att han hade varit d\u00e4r han \u00e4r i dag om det inte vore f\u00f6r de tuffa duellerna med br\u00f6derna hemma i Stenungsund.<br \/>\u2013 Han \u00e4r en stor del till att jag \u00e4r h\u00e4r idag, s\u00e4ger Ivar Stenberg om storebror Otto till hockeysverige.se.<\/strong><\/p>\n<ul class=\"wp-block-list\">\n<li><strong>Bataljerna mellan Ivar och Otto Stenberg hemma i hockeyrummet<\/strong><\/li>\n<li><strong>Brorsans kloka r\u00e5d under viktiga \u00e5ret<\/strong><\/li>\n<li><strong>Nu blir Ivar igenk\u00e4nd p\u00e5 stan<\/strong> <strong>i G\u00f6teborg<\/strong><\/li>\n<li><strong>Uppfyller <a href=\"https:\/\/hockeysverige.se\/junior-vm\/\" rel=\"nofollow noopener\" target=\"_blank\">JVM<\/a>-dr\u00f6mmen<\/strong> <strong>som han n\u00e4rt sedan barnsben<\/strong><\/li>\n<\/ul>\n<p><img loading=\"lazy\" decoding=\"async\" width=\"1024\" height=\"658\" src=\"https:\/\/www.europesays.com\/se\/wp-content\/uploads\/2025\/12\/Ivar-Stenberg-Otto-Stenberg-JVM-2026-1024x658.webp.webp\" alt=\"\" class=\"wp-image-339026\"  \/>Ivar Stenberg tror att det h\u00e5rda t\u00e4vlandet med storebror Otto Stenberg legat till grund f\u00f6r hans framg\u00e5ngar. <strong>Foto: <\/strong>Bildbyr\u00e5n<\/p>\n<p>Se hela intervjun med Ivar Stenberg i videospelaren!<\/p>\n<p><strong>JVM 2026:<\/strong>\u00a0<a href=\"https:\/\/hockeysverige.se\/junior-vm\/jvm-spelschema\/\" rel=\"nofollow noopener\" target=\"_blank\">Spelschema<\/a>\u00a0|\u00a0<a href=\"https:\/\/hockeysverige.se\/junior-vm\/junior-vm-i-ishockey-2026-pa-tv\/\" rel=\"nofollow noopener\" target=\"_blank\">TV-tider<\/a>\u00a0|\u00a0<a href=\"https:\/\/hockeysverige.se\/junior-vm\/jvm-tabell\/\" rel=\"nofollow noopener\" target=\"_blank\">Grupper &amp; tabell<\/a>\u00a0|\u00a0<a href=\"https:\/\/hockeysverige.se\/junior-vm\/jvm-resultat\/\" rel=\"nofollow noopener\" target=\"_blank\">Resultat<\/a>\u00a0|\u00a0<a href=\"https:\/\/hockeysverige.se\/landslag\/juniorkronorna\/\" rel=\"nofollow noopener\" target=\"_blank\">Allt om Juniorkronorna<\/a>\u00a0|<\/p>\n<p><a href=\"https:\/\/se.bauer.com\/pages\/custom-bauer-stick-contest\" target=\"_blank\" rel=\" noreferrer noopener nofollow\"><img loading=\"lazy\" decoding=\"async\" width=\"1024\" height=\"416\" src=\"https:\/\/www.europesays.com\/se\/wp-content\/uploads\/2025\/12\/Bauer_Custom_Stick_Contest_1280x520-1024x416.webp.webp\" alt=\"\" class=\"wp-image-338960\"  \/><\/a><\/p>\n<p>ARLANDA (HOCKEYSVERIGE.SE)<\/p>\n<p>N\u00e4r Ivar Stenberg beskriver sitt f\u00f6rsta hockeyminne l\u00e5ter det som en dr\u00f6m. Stapplande sk\u00e4r p\u00e5 en egenspolad, gnistrande is hemma p\u00e5 gr\u00e4smattan i Stenungsund tillsammans med pappa David och <a href=\"https:\/\/hockeysverige.se\/spelare\/otto-stenberg\/\" rel=\"nofollow noopener\" target=\"_blank\">storebror Otto<\/a>.<\/p>\n<p>Ryggm\u00e4rgsreaktionen p\u00e5 en s\u00e5dan beskrivning: \u00e4r det tillr\u00e4ckligt kallt f\u00f6r att g\u00f6ra egen is p\u00e5 en gr\u00e4smatta i Stenungsund?<\/p>\n<p>\u2013 Det var det d\u00e5, men det har blivit s\u00e4mre med \u00e5ren, ler Ivar Stenberg n\u00e4r hockeysverige.se tr\u00e4ffar honom inf\u00f6r avresan till <a href=\"https:\/\/hockeysverige.se\/junior-vm\/\" rel=\"nofollow noopener\" target=\"_blank\">JVM i USA<\/a>.<\/p>\n<p>Lyckligtvis finns det \u00e4ven en ishall i den bohusl\u00e4nska p\u00e4rlan. Och det var framf\u00f6r allt d\u00e4r som Otto, Ivar och lillebror Knuts resa mot framg\u00e5ng startade. Efter en historiskt stark h\u00f6st i <a href=\"https:\/\/hockeysverige.se\/shl\/\" rel=\"nofollow noopener\" target=\"_blank\">SHL<\/a> med <a href=\"https:\/\/hockeysverige.se\/klubb\/frolunda-hc\/\" rel=\"nofollow noopener\" target=\"_blank\">Fr\u00f6lunda<\/a>, som b\u00e4ddar f\u00f6r en framskjuten placering i kommande sommars NHL-draft, \u00e4r det intressant att lyssna p\u00e5 Ivar Stenberg prata om relationen till br\u00f6derna och framf\u00f6r allt <a href=\"https:\/\/hockeysverige.se\/nhl\/reste-24-timmar-for-otto-stenberg-nhl-debut\/\" rel=\"nofollow noopener\" target=\"_blank\">Otto som \u00e4r uppe och spelar NHL-hockey med St. Louis Blues<\/a> just nu. <\/p>\n<p><img loading=\"lazy\" decoding=\"async\" width=\"1024\" height=\"658\" src=\"https:\/\/www.europesays.com\/se\/wp-content\/uploads\/2025\/12\/Otto-Stenberg-St.-Louis-Blues-NHL-1024x658.webp.webp\" alt=\"\" class=\"wp-image-339142\"  \/>Otto Stenberg har slagit sig in i NHL med St. Louis Blues. <strong>Foto: <\/strong>AP Photo\/Joe Puetz<\/p>\n<p>Ivar Stenberg om konkurrensen med storebror Otto: \u201dStor del till att jag \u00e4r h\u00e4r i dag\u201d<\/p>\n<p>Konkurrensen br\u00f6derna emellan har onekligen spelat en viktig roll f\u00f6r br\u00f6derna i deras str\u00e4van upp\u00e5t och fram\u00e5t.<\/p>\n<p>\u2013 Det har varit sjukt kul. Vi har tr\u00e4nat mycket, t\u00e4vlat mycket, men haft j\u00e4vligt roligt. Det har varit grymt, s\u00e4ger Ivar Stenberg och erk\u00e4nner att det g\u00e5tt r\u00e4tt vilt till emellan\u00e5t.<br \/>\u2013 Vi t\u00e4vlar i allt. Vi br\u00e5kar r\u00e4tt mycket d\u00e5 och d\u00e5. Vi har haft kul, men det har varit mycket br\u00e5k och lite t\u00e5rar. <\/p>\n<p>Ivar Stenberg p\u00e5st\u00e5r sig inte ha n\u00e5gra \u00e4rr efter br\u00f6dernas bataljer. D\u00e4remot l\u00e4r det finnas ett och annat m\u00e4rke efter br\u00e5ken i f\u00f6r\u00e4ldrahemmet.<\/p>\n<p>\u2013 Vi hade ett hockeyrum som vi alltid lirade innebandy i. D\u00e4r tror jag det finns n\u00e5got \u201d\u00e4rr\u201d kanske, s\u00e4ger han med ett leende. <\/p>\n<p><strong>Har du blivit starkare av er konkurrens, br\u00f6der emellan? <br \/><\/strong>\u2013 Ja, det tror jag verkligen. Han \u00e4r en stor del till att jag \u00e4r h\u00e4r idag. Han har pushat mig mycket. Vi har alltid t\u00e4vlat h\u00e5rt ihop.<\/p>\n<p>Ivar Stenberg har ocks\u00e5 lyxen av att han just nu g\u00e5r igenom det som Otto Stenberg gick igenom f\u00f6r ett par \u00e5r sedan. Spela JVM och leva med att vara p\u00e5passad av NHL-scouter och media.<\/p>\n<p>\u2013 Ja, lite. Jag har sett hur det var med JVM och draften. Jag har sett att han har haft m\u00f6ten med NHL-lag och sett han spelat JVM. Det k\u00e4nns inte s\u00e5 nytt p\u00e5 n\u00e5got s\u00e4tt. Det k\u00e4nns r\u00e4tt tryggt att han har gjort den h\u00e4r resan.<\/p>\n<p><strong>Har han gett dig n\u00e5gra kloka r\u00e5d p\u00e5 v\u00e4gen?<\/strong><br \/>\u2013 Ja, mycket kloka r\u00e5d. St\u00f6rsta delen \u00e4r bara att njuta och ha kul. D\u00e5 blir det bra.<\/p>\n<p><img loading=\"lazy\" decoding=\"async\" width=\"1024\" height=\"658\" src=\"https:\/\/www.europesays.com\/se\/wp-content\/uploads\/2025\/12\/Ivar-Stenberg-Frolunda-1024x658.webp.webp\" alt=\"\" class=\"wp-image-339044\"  \/><strong>Foto:<\/strong> Michael Erichsen \/ BILDBYR\u00c5N<\/p>\n<p>Stenbergs historiska h\u00f6st med Fr\u00f6lunda<\/p>\n<p>N\u00e5got han d\u00e4remot inte kan fr\u00e5ga Otto om \u00e4r hur man ska hantera vad som n\u00e4rmast blivit en hysteri efter succ\u00e9n i JVM. Det finns ju n\u00e4mligen ingen draftaktuell SHL-spelare historiskt sett som har producerat lika bra som Ivar Stenberg har med Fr\u00f6lunda den h\u00e4r s\u00e4songen. Innan han \u00e5kte med Juniorkronorna till Nordamerika <a href=\"https:\/\/hockeysverige.se\/shl\/stenbergs-rekordsvit-ar-bast-genom-tiderna\/\" rel=\"nofollow noopener\" target=\"_blank\">hade han gjort po\u00e4ng i tio raka matcher<\/a> \u2013 n\u00e5got ingen junior lyckats med i varken Elitserien eller SHL.<\/p>\n<p>\u2013 Ja, men det har varit kul. Det har varit svinkul. Det har varit en bra h\u00f6st. Jag har k\u00e4nt mig fr\u00e4sch i benen och kroppen, s\u00e4ger han om f\u00f6rsta halvan av s\u00e4songen som genererat 24 po\u00e4ng (6+18) p\u00e5 25 matcher \u2013 och \u00f6verl\u00e4gsen serieledning med Fr\u00f6lunda. <\/p>\n<p>Framg\u00e5ngen har medf\u00f6rt att Stenberg, blott 18 \u00e5r gammal, g\u00e5tt fr\u00e5n att vara en vanlig kille till lite av en k\u00e4ndis i G\u00f6teborg.<\/p>\n<p>\u2013 Lite mer blir man igenk\u00e4nd, det m\u00e4rker man. Om vi \u00e4r p\u00e5 n\u00e5gon restaurang kan det komma fram n\u00e5gon som tycker att man spelar bra hockey. <\/p>\n<p><strong>Hur har det varit att kunna fokusera p\u00e5 hockeyn mitt i det, har det varit sv\u00e5rt eller har det kommit naturligt? <\/strong><br \/>\u2013 Det \u00e4r nytt s\u00e5klart. Men jag tycker att det har k\u00e4nts bra. Sl\u00e4ppa hockeyn n\u00e4r jag inte \u00e4r p\u00e5 hallen och fokusera n\u00e4r jag v\u00e4l \u00e4r d\u00e4r. Att kunna sl\u00e5 av och p\u00e5 har varit viktigt f\u00f6r mig den h\u00e4r h\u00f6sten. <\/p>\n<p><strong>Har familjen eller n\u00e5gon i Fr\u00f6lunda hj\u00e4lpt dig hantera trycket utifr\u00e5n? <br \/><\/strong>\u2013 Fr\u00f6lunda har hj\u00e4lpt mig. Familjen \u00e4r alltid trygg att vara med. Det har inte varit s\u00e5 jobbigt. Det \u00e4r Fr\u00f6lunda som har sagt nej till n\u00e5got d\u00e5 och d\u00e5.<\/p>\n<p><img loading=\"lazy\" decoding=\"async\" width=\"1024\" height=\"658\" src=\"https:\/\/www.europesays.com\/se\/wp-content\/uploads\/2025\/12\/Ivar-Stenberg-Juniorkronorna-1024x658.webp.webp\" alt=\"\" class=\"wp-image-339145\"  \/>Ivar Stenberg \u00e4r r\u00e5pepp p\u00e5 JVM i Minnesota.<br \/><strong>Foto: <\/strong>Aron Broman \/ BILDBYR\u00c5N<\/p>\n<p>\u201dJVM \u00e4r det st\u00f6rsta jag har dr\u00f6mt om\u201d<\/p>\n<p>N\u00e4rmaste tiden kommer det att vara fullt fokus p\u00e5 JVM i Minnesota. F\u00f6r Ivar Stenberg kommer turneringen att vara det st\u00f6rsta han upplevt p\u00e5 en is.<\/p>\n<p>\u2013 Det \u00e4r det st\u00f6rsta jag har dr\u00f6mt om sedan man var liten. Spela JVM var det man dr\u00f6mde om. S\u00e5 detta ska bli kul. <\/p>\n<p><strong>Vad k\u00e4nner du kring era chanser att g\u00e5 hela v\u00e4gen? <br \/><\/strong>\u2013 Det k\u00e4nns bra. Vi har en bra trupp, s\u00e5 sitter allt ska vi vara d\u00e4r och utmana. <\/p>\n<p><strong>Vad vill du kunna bidra med? <br \/><\/strong>\u2013 Lite av det jag har bidragit med i SHL. Hj\u00e4lpa laget att vinna och producera. Vara bra fram\u00e5t och bak\u00e5t.<\/p>\n<p> Source: <a href=\"https:\/\/www.eliteprospects.com\/player\/689912\/ivar-stenberg\" target=\"_blank\" rel=\"noopener noreferrer nofollow\">Ivar Stenberg<\/a> @ Elite Prospects<\/p>\n","protected":false},"excerpt":{"rendered":"Konkurrensen med br\u00f6derna Otto och Knut har satt sina sp\u00e5r. H\u00f6stens stora SHL-succ\u00e9 Ivar Stenberg tror inte att&hellip;\n","protected":false},"author":2,"featured_media":116695,"comment_status":"","ping_status":"","sticky":false,"template":"","format":"standard","meta":{"footnotes":""},"categories":[68],"tags":[9121,34,111,110,31,33,32,30,355,379],"class_list":{"0":"post-116694","1":"post","2":"type-post","3":"status-publish","4":"format-standard","5":"has-post-thumbnail","7":"category-sport","8":"tag-nhl-draften","9":"tag-se","10":"tag-sport","11":"tag-sports","12":"tag-svenska","13":"tag-sverige","14":"tag-sweden","15":"tag-swedish","16":"tag-talang","17":"tag-top-article"},"share_on_mastodon":{"url":"https:\/\/pubeurope.com\/@se\/115781032339246013","error":""},"_links":{"self":[{"href":"https:\/\/www.europesays.com\/se\/wp-json\/wp\/v2\/posts\/116694","targetHints":{"allow":["GET"]}}],"collection":[{"href":"https:\/\/www.europesays.com\/se\/wp-json\/wp\/v2\/posts"}],"about":[{"href":"https:\/\/www.europesays.com\/se\/wp-json\/wp\/v2\/types\/post"}],"author":[{"embeddable":true,"href":"https:\/\/www.europesays.com\/se\/wp-json\/wp\/v2\/users\/2"}],"replies":[{"embeddable":true,"href":"https:\/\/www.europesays.com\/se\/wp-json\/wp\/v2\/comments?post=116694"}],"version-history":[{"count":0,"href":"https:\/\/www.europesays.com\/se\/wp-json\/wp\/v2\/posts\/116694\/revisions"}],"wp:featuredmedia":[{"embeddable":true,"href":"https:\/\/www.europesays.com\/se\/wp-json\/wp\/v2\/media\/116695"}],"wp:attachment":[{"href":"https:\/\/www.europesays.com\/se\/wp-json\/wp\/v2\/media?parent=116694"}],"wp:term":[{"taxonomy":"category","embeddable":true,"href":"https:\/\/www.europesays.com\/se\/wp-json\/wp\/v2\/categories?post=116694"},{"taxonomy":"post_tag","embeddable":true,"href":"https:\/\/www.europesays.com\/se\/wp-json\/wp\/v2\/tags?post=116694"}],"curies":[{"name":"wp","href":"https:\/\/api.w.org\/{rel}","templated":true}]}}