{"id":116696,"date":"2025-12-25T15:58:28","date_gmt":"2025-12-25T15:58:28","guid":{"rendered":"https:\/\/www.europesays.com\/se\/116696\/"},"modified":"2025-12-25T15:58:28","modified_gmt":"2025-12-25T15:58:28","slug":"kritikerfavoriten-du-inte-sag-pa-bio-slapps-digitalt-idag-overraskar-standigt","status":"publish","type":"post","link":"https:\/\/www.europesays.com\/se\/116696\/","title":{"rendered":"Kritikerfavoriten du inte s\u00e5g p\u00e5 bio sl\u00e4pps digitalt idag: &#8221;\u00d6verraskar st\u00e4ndigt&#8221;"},"content":{"rendered":"<p>Saknar du ocks\u00e5 old-school-thrillers n\u00e4r karakt\u00e4rerna springer runt och inte kan lite p\u00e5 n\u00e5gon \u00f6verhuvudtaget? \u201dRelay\u201d f\u00e5ngar den k\u00e4nslan med bravur och s\u00e4tter en liten men ack s\u00e5 effektiv twist p\u00e5 det hela. En modern spionfilm, helt enkelt. <\/p>\n<p>Filmen kretsar kring en fixer, Ash (<strong>Riz Ahmed<\/strong>), som hj\u00e4lper visselbl\u00e5sare genom att anv\u00e4nda sig av en relay-tj\u00e4nst. Det \u00e4r en typ av kommunikation f\u00f6r d\u00f6va och h\u00f6rselskadade som dessutom \u00e4r osp\u00e5rbar. Han f\u00e5r i uppdrag att skydda Sarah Grant (<strong>Lily James<\/strong>), en kvinna som sitter p\u00e5 k\u00e4nslig information om ett stort f\u00f6retag.<\/p>\n<p>Det som b\u00f6rjar som ett professionellt och kliniskt uppdrag f\u00f6rvandlas till n\u00e5got mer personligt n\u00e4r k\u00e4nslor blossar. Samtidigt v\u00e4xer hotet omkring dem och en psykologisk katt-och-r\u00e5tta-lek tar sin b\u00f6rjan. <\/p>\n<p>L\u00e4s ocks\u00e5: <a href=\"https:\/\/www.moviezine.se\/nyheter\/arets-mest-udda-thriller-gar-att-se-hemifran-en-fulltraff\" title=\"\u00c5rets mest udda thriller g\u00e5r att se hemifr\u00e5n: \u201dEn fulltr\u00e4ff\u201d\" class=\"underline-custom !font-montserrat !font-bold !underline-offset-4 !decoration-4 !decoration-moviezine-green !text-md\" rel=\"nofollow noopener\" target=\"_blank\">\u00c5rets mest udda thriller g\u00e5r att se hemifr\u00e5n: \u201dEn fulltr\u00e4ff\u201d<\/a><\/p>\n<p><img loading=\"lazy\" decoding=\"async\" width=\"648\" height=\"398\" alt=\"\" class=\"wp-image-708731 perfmatters-lazy\" src=\"https:\/\/www.europesays.com\/se\/wp-content\/uploads\/2025\/12\/Relay-2-e1765921262860-648x398.jpg\"  data-\/><\/p>\n<p>\u201dRelay\u201d \u00e4r regisserad av <strong>David Mackenzie<\/strong> (\u201dHell or High Water\u201d) och kombinerar ett intressant uppl\u00e4gg med duktiga sk\u00e5despelare. Ut\u00f6ver Ahmed och James syns <strong>Sam Worthington<\/strong> (\u201d<a href=\"https:\/\/www.moviezine.se\/movies\/avatar\" rel=\"nofollow noopener\" target=\"_blank\">Avatar<\/a>\u201d), <strong>Willa Fitzgerald<\/strong> (\u201d<a href=\"https:\/\/www.moviezine.se\/movies\/strange-darling\" rel=\"nofollow noopener\" target=\"_blank\">Strange Darling<\/a>\u201d) och<strong> Jared Abrahamson <\/strong>(\u201d<a href=\"https:\/\/www.moviezine.se\/series\/the-penguin-2023\" rel=\"nofollow noopener\" target=\"_blank\">The Penguin<\/a>\u201d) i rollerna. <\/p>\n<p>L\u00e4s ocks\u00e5: <a href=\"https:\/\/www.moviezine.se\/nyheter\/nu-slapps-arets-mest-sadistiska-och-knappa-stephen-king-film-gratis-pa-cineasterna\" title=\"Nu finns \u00e5rets mest \u201dsadistiska och kn\u00e4ppa\u201d Stephen King-film att streama gratis\" class=\"underline-custom !font-montserrat !font-bold !underline-offset-4 !decoration-4 !decoration-moviezine-green !text-md\" rel=\"nofollow noopener\" target=\"_blank\">Nu finns \u00e5rets mest \u201dsadistiska och kn\u00e4ppa\u201d Stephen King-film att streama gratis<\/a><\/p>\n<p>\u201dRegiss\u00f6ren David Mackenzie \u00e4r tillbaka med en underh\u00e5llande konspirationsthriller vars kluriga v\u00e4ndningar st\u00e4ndigt \u00f6verraskar. Riz Ahmed \u00e4r perfekt i huvudrollen\u201d, skriver MovieZines recensent och <a href=\"https:\/\/www.moviezine.se\/recensioner\/riz-ahmed-ligger-steget-fore-i-underhallande-konspirationsthriller\" rel=\"nofollow noopener\" target=\"_blank\">delar ut 4\/5 i betyg<\/a>. <\/p>\n<p>Passa p\u00e5 att spana in en old-school-thriller som bjuder p\u00e5 nagelbitande sp\u00e4nning och h\u00e4rlig paranoia. \u201dRelay\u201d finns tillg\u00e4nglig p\u00e5 SF Anytime, Apple, Prime Video och Google Play. Se trailern: <\/p>\n<p><img loading=\"lazy\" decoding=\"async\" alt=\"YouTube video\" width=\"480\" height=\"360\" data-pin-nopin=\"true\" nopin=\"nopin\" class=\"perfmatters-lazy\" src=\"https:\/\/www.europesays.com\/se\/wp-content\/uploads\/2025\/12\/1766678308_485_hqdefault.jpg\"\/><\/p>\n<p>L\u00e4s ocks\u00e5: <a href=\"https:\/\/www.moviezine.se\/nyheter\/100-personer-lamnade-salongen-i-protest-nu-slapps-den-kontroversiella-filmen-pa-netflix\" title=\"100 personer l\u00e4mnade salongen i protest \u2013 nu sl\u00e4pps den kontroversiella filmen p\u00e5 Netflix\" class=\"underline-custom !font-montserrat !font-bold !underline-offset-4 !decoration-4 !decoration-moviezine-green !text-md\" rel=\"nofollow noopener\" target=\"_blank\">100 personer l\u00e4mnade salongen i protest \u2013 nu sl\u00e4pps den kontroversiella filmen p\u00e5 Netflix<\/a><\/p>\n","protected":false},"excerpt":{"rendered":"Saknar du ocks\u00e5 old-school-thrillers n\u00e4r karakt\u00e4rerna springer runt och inte kan lite p\u00e5 n\u00e5gon \u00f6verhuvudtaget? \u201dRelay\u201d f\u00e5ngar den&hellip;\n","protected":false},"author":2,"featured_media":116697,"comment_status":"","ping_status":"","sticky":false,"template":"","format":"standard","meta":{"footnotes":""},"categories":[67],"tags":[2372,104,34,31,33,32,30,105],"class_list":{"0":"post-116696","1":"post","2":"type-post","3":"status-publish","4":"format-standard","5":"has-post-thumbnail","7":"category-underhallning","8":"tag-digitalpremiar","9":"tag-entertainment","10":"tag-se","11":"tag-svenska","12":"tag-sverige","13":"tag-sweden","14":"tag-swedish","15":"tag-underhallning"},"share_on_mastodon":{"url":"https:\/\/pubeurope.com\/@se\/115781035879672963","error":""},"_links":{"self":[{"href":"https:\/\/www.europesays.com\/se\/wp-json\/wp\/v2\/posts\/116696","targetHints":{"allow":["GET"]}}],"collection":[{"href":"https:\/\/www.europesays.com\/se\/wp-json\/wp\/v2\/posts"}],"about":[{"href":"https:\/\/www.europesays.com\/se\/wp-json\/wp\/v2\/types\/post"}],"author":[{"embeddable":true,"href":"https:\/\/www.europesays.com\/se\/wp-json\/wp\/v2\/users\/2"}],"replies":[{"embeddable":true,"href":"https:\/\/www.europesays.com\/se\/wp-json\/wp\/v2\/comments?post=116696"}],"version-history":[{"count":0,"href":"https:\/\/www.europesays.com\/se\/wp-json\/wp\/v2\/posts\/116696\/revisions"}],"wp:featuredmedia":[{"embeddable":true,"href":"https:\/\/www.europesays.com\/se\/wp-json\/wp\/v2\/media\/116697"}],"wp:attachment":[{"href":"https:\/\/www.europesays.com\/se\/wp-json\/wp\/v2\/media?parent=116696"}],"wp:term":[{"taxonomy":"category","embeddable":true,"href":"https:\/\/www.europesays.com\/se\/wp-json\/wp\/v2\/categories?post=116696"},{"taxonomy":"post_tag","embeddable":true,"href":"https:\/\/www.europesays.com\/se\/wp-json\/wp\/v2\/tags?post=116696"}],"curies":[{"name":"wp","href":"https:\/\/api.w.org\/{rel}","templated":true}]}}