{"id":116711,"date":"2025-12-25T16:29:20","date_gmt":"2025-12-25T16:29:20","guid":{"rendered":"https:\/\/www.europesays.com\/se\/116711\/"},"modified":"2025-12-25T16:29:20","modified_gmt":"2025-12-25T16:29:20","slug":"guide-sa-maxar-du-mellandagsrean-allt-du-behover-veta","status":"publish","type":"post","link":"https:\/\/www.europesays.com\/se\/116711\/","title":{"rendered":"GUIDE: S\u00e5 maxar du mellandagsrean \u2013 allt du beh\u00f6ver veta"},"content":{"rendered":"<p>OSKARSHAMN<\/p>\n<p><strong>Efter lugnet kommer fyndfesten! P\u00e5 annandagen sl\u00e5r portarna upp f\u00f6r \u00e5rets mellandagsrea. Vi har samlat tipsen, tiderna och strategierna f\u00f6r hur du g\u00f6r de b\u00e4sta klippen i Oskarshamns butiker \u2013 samtidigt som du st\u00f6ttar din lokala stadsk\u00e4rna.<\/strong><\/p>\n<p>Mellandagsrean \u00e4r f\u00f6r m\u00e5nga en lika stor tradition som sj\u00e4lva julafton. I \u00e5r f\u00f6rv\u00e4ntas m\u00e5nga oskarshamnare bege sig ut f\u00f6r att byta julklappar som inte passade eller f\u00f6r att investera i de d\u00e4r produkterna man v\u00e4ntat p\u00e5 hela h\u00f6sten.<\/p>\n<p>Att v\u00e4lja butikerna p\u00e5 hemmaplan framf\u00f6r stora sajter p\u00e5 n\u00e4tet g\u00f6r skillnad. N\u00e4r vi handlar lokalt ser vi till att vi har en levande stadsk\u00e4rna \u00e4ven i framtiden. Dessutom f\u00e5r du hj\u00e4lp av kunnig personal p\u00e5 plats och slipper kr\u00e5nglet med returfrakter om n\u00e5got inte passar.<\/p>\n<p>5 tips f\u00f6r en smartare rea<\/p>\n<p><strong>1. G\u00f6r en lista.<\/strong> Vad beh\u00f6ver du egentligen? \u00c4r det nya l\u00f6parskor inf\u00f6r ny\u00e5rsl\u00f6ftet eller en varm jacka? H\u00e5ll dig till planen s\u00e5 undviker du spontank\u00f6p du \u00e5ngrar.<\/p>\n<p><strong>2. Kolla kvaliteten<\/strong>. Rean \u00e4r ett utm\u00e4rkt tillf\u00e4lle att k\u00f6pa dyrare m\u00e4rkesvaror av h\u00f6g kvalitet som h\u00e5ller i m\u00e5nga \u00e5r.<\/p>\n<p><strong>3. Var ute i god tid<\/strong>. De b\u00e4sta fynden, s\u00e4rskilt inom mode och elektronik, g\u00e5r ofta \u00e5t redan under de f\u00f6rsta timmarna p\u00e5 annandagen.<\/p>\n<p><strong>4. H\u00e5ll koll p\u00e5 prishistoriken.<\/strong> Bara f\u00f6r att det \u00e4r r\u00f6d prislapp betyder det inte alltid att det \u00e4r \u00e5rets l\u00e4gsta pris. Anv\u00e4nd tj\u00e4nster som Prisjakt eller Pricerunner f\u00f6r att se om det d\u00e4r \u201dsuperklippet\u201d p\u00e5 elektronik faktiskt \u00e4r s\u00e5 bra som det ser ut.<\/p>\n<p><strong>5. T\u00e4nk \u201dn\u00e4sta jul\u201d redan nu.<\/strong> Rean \u00e4r det absolut b\u00e4sta tillf\u00e4llet att k\u00f6pa f\u00f6rbrukningsvaror till n\u00e4sta \u00e5r. Passa p\u00e5 att fynda julklappspapper, julpynt och doftljus med 50\u201370 % rabatt. Din pl\u00e5nbok kommer att tacka dig i december n\u00e4sta \u00e5r!<\/p>\n<ol start=\"1\" class=\"wp-block-list\"\/>\n<p>\u00d6ppettider f\u00f6r julhandeln i Oskarshamn<\/p>\n<p>H\u00e4r \u00e4r de generella \u00f6ppettiderna som g\u00e4ller f\u00f6r butikerna anslutna till Handel Oskarshamn under jul- och ny\u00e5rshelgen. Observera att lokala avvikelser kan f\u00f6rekomma och vissa butiker kan ha egna \u00f6ppettider. Dubbelkolla g\u00e4rna din favoritbutiks hemsida eller sociala medier innan du ger dig ut.<\/p>\n<p><strong>25 december \u2013 Juldagen:<\/strong> ST\u00c4NGT<\/p>\n<p><strong>26 december \u2013 Annandag jul:<\/strong> 11.00 \u2013 15.00 Reastart!<\/p>\n<p><strong>27 december \u2013 L\u00f6rdag:<\/strong> 10.00 \u2013 15.00<\/p>\n<p><strong>28 december \u2013 S\u00f6ndag:<\/strong> St\u00e4ngt (vissa butiker kan ha extra\u00f6ppet)<\/p>\n<p><strong>29 december \u2013 M\u00e5ndag:<\/strong> 10.00 \u2013 18.00<\/p>\n<p><strong>30 december \u2013 Tisdag:<\/strong> 10.00 \u2013 18.00<\/p>\n<p><strong>31 december \u2013 Ny\u00e5rsafton:<\/strong> 10.00 \u2013 13.00<\/p>\n<p><strong>1 januari \u2013 Ny\u00e5rsdagen:<\/strong> ST\u00c4NGT<\/p>\n<p>Ordinarie \u00f6ppettider hos butiker anslutna till Handel Oskarshamn: M\u00e5ndag\u2013fredag 10.00\u201318.00, l\u00f6rdagar 10.00\u201315.00 och s\u00f6ndag st\u00e4ngt.<\/p>\n<p><strong>L\u00c4S MER: <\/strong><a href=\"https:\/\/handeloskarshamn.se\/\" target=\"_blank\" rel=\"noreferrer noopener nofollow\">Om Handel Oskarshamn<\/a><\/p>\n<p>         \t\t<img loading=\"lazy\" decoding=\"async\" src=\"https:\/\/www.europesays.com\/se\/wp-content\/uploads\/2025\/12\/1766636944_988_Annicka-Gunnarsson-360x360-1.jpg\" width=\"100\" height=\"100\" alt=\"Annicka Gunnarsson\" itemprop=\"image\"\/><\/p>\n<p>Redakt\u00f6r, annonsering, webb- &amp; ekonomiansvarig. Kontakta mig g\u00e4rna om du \u00e4r intresserad av att annonsera p\u00e5 ON!<\/p>\n<p><a href=\"https:\/\/www.oskarshamns-nytt.se\/guide-sa-maxar-du-mellandagsrean-allt-du-behover-veta\/mailto:annicka@oskarshamns-nytt.se\" rel=\"nofollow noopener\" target=\"_blank\">annicka@oskarshamns-nytt.se<\/a><\/p>\n","protected":false},"excerpt":{"rendered":"OSKARSHAMN Efter lugnet kommer fyndfesten! P\u00e5 annandagen sl\u00e5r portarna upp f\u00f6r \u00e5rets mellandagsrea. Vi har samlat tipsen, tiderna&hellip;\n","protected":false},"author":2,"featured_media":116712,"comment_status":"","ping_status":"","sticky":false,"template":"","format":"standard","meta":{"footnotes":""},"categories":[65],"tags":[72,70,71,34,31,33,32,30],"class_list":{"0":"post-116711","1":"post","2":"type-post","3":"status-publish","4":"format-standard","5":"has-post-thumbnail","7":"category-ekonomi","8":"tag-business","9":"tag-economy","10":"tag-ekonomi","11":"tag-se","12":"tag-svenska","13":"tag-sverige","14":"tag-sweden","15":"tag-swedish"},"share_on_mastodon":{"url":"https:\/\/pubeurope.com\/@se\/115781158110353632","error":""},"_links":{"self":[{"href":"https:\/\/www.europesays.com\/se\/wp-json\/wp\/v2\/posts\/116711","targetHints":{"allow":["GET"]}}],"collection":[{"href":"https:\/\/www.europesays.com\/se\/wp-json\/wp\/v2\/posts"}],"about":[{"href":"https:\/\/www.europesays.com\/se\/wp-json\/wp\/v2\/types\/post"}],"author":[{"embeddable":true,"href":"https:\/\/www.europesays.com\/se\/wp-json\/wp\/v2\/users\/2"}],"replies":[{"embeddable":true,"href":"https:\/\/www.europesays.com\/se\/wp-json\/wp\/v2\/comments?post=116711"}],"version-history":[{"count":0,"href":"https:\/\/www.europesays.com\/se\/wp-json\/wp\/v2\/posts\/116711\/revisions"}],"wp:featuredmedia":[{"embeddable":true,"href":"https:\/\/www.europesays.com\/se\/wp-json\/wp\/v2\/media\/116712"}],"wp:attachment":[{"href":"https:\/\/www.europesays.com\/se\/wp-json\/wp\/v2\/media?parent=116711"}],"wp:term":[{"taxonomy":"category","embeddable":true,"href":"https:\/\/www.europesays.com\/se\/wp-json\/wp\/v2\/categories?post=116711"},{"taxonomy":"post_tag","embeddable":true,"href":"https:\/\/www.europesays.com\/se\/wp-json\/wp\/v2\/tags?post=116711"}],"curies":[{"name":"wp","href":"https:\/\/api.w.org\/{rel}","templated":true}]}}