{"id":116718,"date":"2025-12-25T16:38:23","date_gmt":"2025-12-25T16:38:23","guid":{"rendered":"https:\/\/www.europesays.com\/se\/116718\/"},"modified":"2025-12-25T16:38:23","modified_gmt":"2025-12-25T16:38:23","slug":"fredrik-klier-skoga-ab-senaste-aret-sa-gick-det-for-foretaget","status":"publish","type":"post","link":"https:\/\/www.europesays.com\/se\/116718\/","title":{"rendered":"Fredrik Klier Skoga AB senaste \u00e5ret: S\u00e5 gick det f\u00f6r f\u00f6retaget"},"content":{"rendered":"<p class=\"break-words mb-4 mx-auto max-w-xl\">Ta del av de viktigaste siffrorna fr\u00e5n \u00e5rsredovisningen f\u00f6r Fredrik Klier Skoga AB som nu \u00e4r klar. Verksamhetens oms\u00e4ttning stiger med 11,8 procent och blev cirka 35,5 miljoner kronor. Oms\u00e4ttningen \u00e4r b\u00e4st i l\u00e4net i sin bransch. Resultatet f\u00f6re skatt \u00e4r l\u00e4gre \u00e4n f\u00f6reg\u00e5ende \u00e5r, 62 000 kronor mot ungef\u00e4r 450 000 kronor.<\/p>\n<p class=\"mb-4 mx-auto max-w-xl\"><strong>Ta del av de viktigaste siffrorna fr\u00e5&#8230;<\/strong><\/p>\n","protected":false},"excerpt":{"rendered":"Ta del av de viktigaste siffrorna fr\u00e5n \u00e5rsredovisningen f\u00f6r Fredrik Klier Skoga AB som nu \u00e4r klar. Verksamhetens&hellip;\n","protected":false},"author":2,"featured_media":116719,"comment_status":"","ping_status":"","sticky":false,"template":"","format":"standard","meta":{"footnotes":""},"categories":[65],"tags":[72,70,71,34,31,33,32,30],"class_list":{"0":"post-116718","1":"post","2":"type-post","3":"status-publish","4":"format-standard","5":"has-post-thumbnail","7":"category-ekonomi","8":"tag-business","9":"tag-economy","10":"tag-ekonomi","11":"tag-se","12":"tag-svenska","13":"tag-sverige","14":"tag-sweden","15":"tag-swedish"},"share_on_mastodon":{"url":"https:\/\/pubeurope.com\/@se\/115781193088415866","error":""},"_links":{"self":[{"href":"https:\/\/www.europesays.com\/se\/wp-json\/wp\/v2\/posts\/116718","targetHints":{"allow":["GET"]}}],"collection":[{"href":"https:\/\/www.europesays.com\/se\/wp-json\/wp\/v2\/posts"}],"about":[{"href":"https:\/\/www.europesays.com\/se\/wp-json\/wp\/v2\/types\/post"}],"author":[{"embeddable":true,"href":"https:\/\/www.europesays.com\/se\/wp-json\/wp\/v2\/users\/2"}],"replies":[{"embeddable":true,"href":"https:\/\/www.europesays.com\/se\/wp-json\/wp\/v2\/comments?post=116718"}],"version-history":[{"count":0,"href":"https:\/\/www.europesays.com\/se\/wp-json\/wp\/v2\/posts\/116718\/revisions"}],"wp:featuredmedia":[{"embeddable":true,"href":"https:\/\/www.europesays.com\/se\/wp-json\/wp\/v2\/media\/116719"}],"wp:attachment":[{"href":"https:\/\/www.europesays.com\/se\/wp-json\/wp\/v2\/media?parent=116718"}],"wp:term":[{"taxonomy":"category","embeddable":true,"href":"https:\/\/www.europesays.com\/se\/wp-json\/wp\/v2\/categories?post=116718"},{"taxonomy":"post_tag","embeddable":true,"href":"https:\/\/www.europesays.com\/se\/wp-json\/wp\/v2\/tags?post=116718"}],"curies":[{"name":"wp","href":"https:\/\/api.w.org\/{rel}","templated":true}]}}