{"id":116723,"date":"2025-12-25T16:46:10","date_gmt":"2025-12-25T16:46:10","guid":{"rendered":"https:\/\/www.europesays.com\/se\/116723\/"},"modified":"2025-12-25T16:46:10","modified_gmt":"2025-12-25T16:46:10","slug":"skelleftebranslen-koper-s-o-utterstrom-akeri","status":"publish","type":"post","link":"https:\/\/www.europesays.com\/se\/116723\/","title":{"rendered":"Skelleftebr\u00e4nslen k\u00f6per S.O. Utterstr\u00f6m \u00c5keri"},"content":{"rendered":"<p>Skelleftebr\u00e4nslen AB har f\u00f6rv\u00e4rvat S O Utterstr\u00f6m \u00c5keri AB i Arvidsjaur.\u2013 V\u00e5r ambition \u00e4r att ta vid och vidareutveckla verksamheten tillsammans med befintlig personal. Vi vill beh\u00e5lla allt det som Utterstr\u00f6m st\u00e5r f\u00f6r, samtidigt som vi tillf\u00f6r v\u00e5r styrka i form av Norrlands st\u00f6rsta n\u00e4t av anl\u00e4ggningar f\u00f6r b\u00e5de konventionella och f\u00f6rnybara drivmedel samt ett bredare pr<\/p>\n","protected":false},"excerpt":{"rendered":"Skelleftebr\u00e4nslen AB har f\u00f6rv\u00e4rvat S O Utterstr\u00f6m \u00c5keri AB i Arvidsjaur.\u2013 V\u00e5r ambition \u00e4r att ta vid och&hellip;\n","protected":false},"author":2,"featured_media":116724,"comment_status":"","ping_status":"","sticky":false,"template":"","format":"standard","meta":{"footnotes":""},"categories":[65],"tags":[72,70,71,34,31,33,32,30],"class_list":{"0":"post-116723","1":"post","2":"type-post","3":"status-publish","4":"format-standard","5":"has-post-thumbnail","7":"category-ekonomi","8":"tag-business","9":"tag-economy","10":"tag-ekonomi","11":"tag-se","12":"tag-svenska","13":"tag-sverige","14":"tag-sweden","15":"tag-swedish"},"share_on_mastodon":{"url":"https:\/\/pubeurope.com\/@se\/115781224574087483","error":""},"_links":{"self":[{"href":"https:\/\/www.europesays.com\/se\/wp-json\/wp\/v2\/posts\/116723","targetHints":{"allow":["GET"]}}],"collection":[{"href":"https:\/\/www.europesays.com\/se\/wp-json\/wp\/v2\/posts"}],"about":[{"href":"https:\/\/www.europesays.com\/se\/wp-json\/wp\/v2\/types\/post"}],"author":[{"embeddable":true,"href":"https:\/\/www.europesays.com\/se\/wp-json\/wp\/v2\/users\/2"}],"replies":[{"embeddable":true,"href":"https:\/\/www.europesays.com\/se\/wp-json\/wp\/v2\/comments?post=116723"}],"version-history":[{"count":0,"href":"https:\/\/www.europesays.com\/se\/wp-json\/wp\/v2\/posts\/116723\/revisions"}],"wp:featuredmedia":[{"embeddable":true,"href":"https:\/\/www.europesays.com\/se\/wp-json\/wp\/v2\/media\/116724"}],"wp:attachment":[{"href":"https:\/\/www.europesays.com\/se\/wp-json\/wp\/v2\/media?parent=116723"}],"wp:term":[{"taxonomy":"category","embeddable":true,"href":"https:\/\/www.europesays.com\/se\/wp-json\/wp\/v2\/categories?post=116723"},{"taxonomy":"post_tag","embeddable":true,"href":"https:\/\/www.europesays.com\/se\/wp-json\/wp\/v2\/tags?post=116723"}],"curies":[{"name":"wp","href":"https:\/\/api.w.org\/{rel}","templated":true}]}}