{"id":116727,"date":"2025-12-25T16:49:11","date_gmt":"2025-12-25T16:49:11","guid":{"rendered":"https:\/\/www.europesays.com\/se\/116727\/"},"modified":"2025-12-25T16:49:11","modified_gmt":"2025-12-25T16:49:11","slug":"polisinsats-i-boden-allvarlig-handelse","status":"publish","type":"post","link":"https:\/\/www.europesays.com\/se\/116727\/","title":{"rendered":"Polisinsats i Boden \u2013 allvarlig h\u00e4ndelse"},"content":{"rendered":"<p>Publicerad 25 dec 2025 kl 14.24Uppdaterad kl 17.45<\/p>\n<p>Det p\u00e5g\u00e5r en polisinsats i ett villaomr\u00e5de i Boden.<\/p>\n<p>En kvinna i 55-\u00e5rs\u00e5ldern har hittats d\u00f6d p\u00e5 adressen.<\/p>\n<p>En man i 20-\u00e5rs\u00e5ldern har skjutits till d\u00f6ds av polisen.<\/p>\n<p><img   alt=\"\"\/> <\/p>\n<p>Foto: Google maps<\/p>\n<p>\u00d6ppna bild i helsk\u00e4rm<\/p>\n<p>Polisen larmades till platsen, ett villaomr\u00e5de i <a href=\"https:\/\/www.expressen.se\/tagg\/location\/boden\/\" class=\"\" rel=\"nofollow noopener\" target=\"_blank\">Boden<\/a>, vid 12-tiden p\u00e5 juldagen.\u00a0<\/p>\n<p>En man i 20-\u00e5rs\u00e5ldern uppgavs ha skadat personer p\u00e5 en adress. Han ska ha haft n\u00e5gon form av tillhygge.<\/p>\n<p>\u201dI samband med att polisen ska gripa mannen, som \u00e4r i 20-\u00e5rs\u00e5ldern, uppst\u00e5r en situation som leder till att polisen skjuter verkanseld mot honom. Han avlider\u201d, skriver polisen p\u00e5 sin hemsida.<\/p>\n<p>En kvinna i 55-\u00e5rs\u00e5ldern hittades d\u00f6d p\u00e5 adressen. Ytterligare tv\u00e5 personer f\u00f6rdes till sjukhus med skador som \u00e4r ok\u00e4nda f\u00f6r polisen.<\/p>\n<p>Anh\u00f6riga till de inblandade \u00e4r underr\u00e4ttade.<\/p>\n<p>H\u00e4ndelsen utreds bland annat som mord och f\u00f6rs\u00f6k till mord. Det finns ingen ytterligare misst\u00e4nkt och r\u00e5der ingen fara f\u00f6r allm\u00e4nheten, uppger polisen.<\/p>\n<p>Enligt de f\u00f6rsta uppgifterna har den misst\u00e4nkte g\u00e4rningsmannen ingen k\u00e4nd relation till personerna som befann sig p\u00e5 adressen.\u00a0<\/p>\n<p>Med anledning av att polisen avlossat verkanseld har polisen enligt rutin anm\u00e4lt gjort en anm\u00e4lan till avdelningen f\u00f6r s\u00e4rskilda utredningar, som utreder fall d\u00e4r poliser kan misst\u00e4nkas f\u00f6r brott.\u00a0<\/p>\n<p><img loading=\"lazy\"   alt=\"\"\/><\/p>\n<p>En polisinsats p\u00e5g\u00e5r i ett villaomr\u00e5de i Boden.<\/p>\n<p>Foto: Mats Engfors\/TT \/ TT NYHETSBYR\u00c5N<\/p>\n<p>\u00d6ppna bild i helsk\u00e4rm<img loading=\"lazy\"   alt=\"\"\/><\/p>\n<p>281294338<\/p>\n<p>Foto: Mats Engfors\/TT \/ TT NYHETSBYR\u00c5N<\/p>\n<p>\u00d6ppna bild i helsk\u00e4rmVET DU MER? HAR DU BILDER?<\/p>\n<p>\u2022 Kontakta Expressen p\u00e5 tipsa@expressen.se\u00a0<\/p>\n<p>eller skicka SMS\/MMS till 0790-643 643<\/p>\n<p>\u2022 <a href=\"https:\/\/www.expressen.se\/nyheter\/har-du-ett-nyhetstips-eller-bilder\/\" rel=\"nofollow noopener\" target=\"_blank\">H\u00e4r kan du l\u00e4sa mer om hur du tipsar Expressen<\/a>\u00a0<\/p>\n<p>Visa mer<img alt=\"\"\/>Ljudklippet gick inte att spela upp<\/p>\n<p>F\u00f6rs\u00f6k igen senare<\/p>\n","protected":false},"excerpt":{"rendered":"Publicerad 25 dec 2025 kl 14.24Uppdaterad kl 17.45 Det p\u00e5g\u00e5r en polisinsats i ett villaomr\u00e5de i Boden. En&hellip;\n","protected":false},"author":2,"featured_media":116728,"comment_status":"","ping_status":"","sticky":false,"template":"","format":"standard","meta":{"footnotes":""},"categories":[5],"tags":[22,23,26,27,17,21,24,25,3048,28,29,15,16,18,34,666,31,33,32,30,19,710,20],"class_list":{"0":"post-116727","1":"post","2":"type-post","3":"status-publish","4":"format-standard","5":"has-post-thumbnail","7":"category-rubriker","8":"tag-breaking-news","9":"tag-breakingnews","10":"tag-featured-news","11":"tag-featurednews","12":"tag-headlines","13":"tag-huvudnyheter","14":"tag-latest-news","15":"tag-latestnews","16":"tag-location-boden","17":"tag-main-news","18":"tag-mainnews","19":"tag-news","20":"tag-nyheter","21":"tag-rubriker","22":"tag-se","23":"tag-sections-krim","24":"tag-svenska","25":"tag-sverige","26":"tag-sweden","27":"tag-swedish","28":"tag-top-stories","29":"tag-topic-raddningstjanst-raddningsinsats","30":"tag-topstories"},"share_on_mastodon":{"url":"https:\/\/pubeurope.com\/@se\/115781236425652322","error":""},"_links":{"self":[{"href":"https:\/\/www.europesays.com\/se\/wp-json\/wp\/v2\/posts\/116727","targetHints":{"allow":["GET"]}}],"collection":[{"href":"https:\/\/www.europesays.com\/se\/wp-json\/wp\/v2\/posts"}],"about":[{"href":"https:\/\/www.europesays.com\/se\/wp-json\/wp\/v2\/types\/post"}],"author":[{"embeddable":true,"href":"https:\/\/www.europesays.com\/se\/wp-json\/wp\/v2\/users\/2"}],"replies":[{"embeddable":true,"href":"https:\/\/www.europesays.com\/se\/wp-json\/wp\/v2\/comments?post=116727"}],"version-history":[{"count":0,"href":"https:\/\/www.europesays.com\/se\/wp-json\/wp\/v2\/posts\/116727\/revisions"}],"wp:featuredmedia":[{"embeddable":true,"href":"https:\/\/www.europesays.com\/se\/wp-json\/wp\/v2\/media\/116728"}],"wp:attachment":[{"href":"https:\/\/www.europesays.com\/se\/wp-json\/wp\/v2\/media?parent=116727"}],"wp:term":[{"taxonomy":"category","embeddable":true,"href":"https:\/\/www.europesays.com\/se\/wp-json\/wp\/v2\/categories?post=116727"},{"taxonomy":"post_tag","embeddable":true,"href":"https:\/\/www.europesays.com\/se\/wp-json\/wp\/v2\/tags?post=116727"}],"curies":[{"name":"wp","href":"https:\/\/api.w.org\/{rel}","templated":true}]}}