{"id":116742,"date":"2025-12-25T17:10:10","date_gmt":"2025-12-25T17:10:10","guid":{"rendered":"https:\/\/www.europesays.com\/se\/116742\/"},"modified":"2025-12-25T17:10:10","modified_gmt":"2025-12-25T17:10:10","slug":"gar-ihop-men-med-hjartat-i-halsgropen-svd","status":"publish","type":"post","link":"https:\/\/www.europesays.com\/se\/116742\/","title":{"rendered":"\u201dG\u00e5r ihop \u2013 men med hj\u00e4rtat i halsgropen\u201d &#8211; SvD"},"content":{"rendered":"<ol>\n<li><a href=\"https:\/\/news.google.com\/rss\/articles\/CBMic0FVX3lxTE1rQVQ2aFp0bm5SRi1feU01N3JNeXRBZ2s1c2hmWDZtMnpDQWNvR3VkVEx0b1c2S2RuMEJ5SVVBaGpXU3RBdzZaaEdfTkxtRzBNbWJrck9lN3huek5mX0F1ZU52WEVxS2lnY3F1azZ4dzBOcFE?oc=5\" target=\"_blank\" rel=\"nofollow noopener\">\u201dG\u00e5r ihop \u2013 men med hj\u00e4rtat i halsgropen\u201d<\/a>&nbsp;&nbsp;SvD<\/li>\n<li><a href=\"https:\/\/news.google.com\/rss\/articles\/CBMie0FVX3lxTE52WnVYWEF0UmVCZEhiQnlfeXprN3RxMkIzcXI0WjJZc2ZRejNrRkpZWV9wbU5raDVGMFNuZG9ENGtYRTg1V0tiYkdEUllJbk05b1EwbWRZdVBmeDNLci01VV8xLTA5TVVsVVBieUNyOTdydktZTGhBQ241RQ?oc=5\" target=\"_blank\" rel=\"nofollow noopener\">Juldagens biotradition lever \u2013 trots f\u00e4rre bes\u00f6k<\/a>&nbsp;&nbsp;Omni<\/li>\n<li><a href=\"https:\/\/news.google.com\/rss\/articles\/CBMikgFBVV95cUxQZU91WGFlWjRveDZ0MVJLRDBtdy1JdFRrTWt6bnktbklhWUhFMzV2NGJlRjJ5TGdvU1M0Ql9wR1NWRmxKODNmMlJ2NjhPVnkxdWJhLU5Rb002anlVY2RCQVBnYkhQUk1YOGVoSEFVWDhnQXFxWjdaak1qTllSOGpyaEJPU2RDRlhhRkNlRUR1Z0V5UQ?oc=5\" target=\"_blank\" rel=\"nofollow noopener\">6 starka filmer f\u00f6r alla smaker g\u00e5r upp p\u00e5 bio till jul!<\/a>&nbsp;&nbsp;MovieZine.se<\/li>\n<li><a href=\"https:\/\/news.google.com\/rss\/articles\/CBMiggFBVV95cUxPNVZyVXZqQlZNbWtrMF9yRVFMcUtUT3pDckd1bHhhSC04R19qenlnUUx5WDdZcVBRcmdnZEZfa1gxM051WUxEVHF3RkcxMUJ0bDNXU3o0TDdPSUs3Z1Z0QlVJM1pQZmVWTy1WY3BwRnNGdDBTZDA4OEV3YWpfVU1HS2Fn?oc=5\" target=\"_blank\" rel=\"nofollow noopener\">De h\u00e4r filmerna har premi\u00e4r p\u00e5 bio under julen. Bara en har f\u00e5tt riktigt bra betyg.<\/a>&nbsp;&nbsp;feber.se<\/li>\n<li><a href=\"https:\/\/news.google.com\/rss\/articles\/CBMikwFBVV95cUxPb2JBQ3d4Tkh1MGwyRlFLOHlFY1BZWWgwRERMbzZLTmlFcExERWpqdWNhODZBYjZnWGUzRTRoMVN0a3hyZ1ZKY3Q0SjR5R1VUMUZ4ZGJINmNudFJYbm1CckNzaTVWcEdjNHZRc1RFMTFfMnpaTV8wdEZWYmwwRGNHRmNuaXk5Wk1JRjZQZVQyaXJNR2c?oc=5\" target=\"_blank\" rel=\"nofollow noopener\">5 nya julfilmer att se fram emot \u2013 och n\u00e5gra ganska nya<\/a>&nbsp;&nbsp;\u00d6landsbladet<\/li>\n<\/ol>\n","protected":false},"excerpt":{"rendered":"\u201dG\u00e5r ihop \u2013 men med hj\u00e4rtat i halsgropen\u201d&nbsp;&nbsp;SvD Juldagens biotradition lever \u2013 trots f\u00e4rre bes\u00f6k&nbsp;&nbsp;Omni 6 starka filmer&hellip;\n","protected":false},"author":2,"featured_media":116743,"comment_status":"","ping_status":"","sticky":false,"template":"","format":"standard","meta":{"footnotes":""},"categories":[67],"tags":[104,34,31,33,32,30,105],"class_list":{"0":"post-116742","1":"post","2":"type-post","3":"status-publish","4":"format-standard","5":"has-post-thumbnail","7":"category-underhallning","8":"tag-entertainment","9":"tag-se","10":"tag-svenska","11":"tag-sverige","12":"tag-sweden","13":"tag-swedish","14":"tag-underhallning"},"share_on_mastodon":{"url":"https:\/\/pubeurope.com\/@se\/115781318975102132","error":""},"_links":{"self":[{"href":"https:\/\/www.europesays.com\/se\/wp-json\/wp\/v2\/posts\/116742","targetHints":{"allow":["GET"]}}],"collection":[{"href":"https:\/\/www.europesays.com\/se\/wp-json\/wp\/v2\/posts"}],"about":[{"href":"https:\/\/www.europesays.com\/se\/wp-json\/wp\/v2\/types\/post"}],"author":[{"embeddable":true,"href":"https:\/\/www.europesays.com\/se\/wp-json\/wp\/v2\/users\/2"}],"replies":[{"embeddable":true,"href":"https:\/\/www.europesays.com\/se\/wp-json\/wp\/v2\/comments?post=116742"}],"version-history":[{"count":0,"href":"https:\/\/www.europesays.com\/se\/wp-json\/wp\/v2\/posts\/116742\/revisions"}],"wp:featuredmedia":[{"embeddable":true,"href":"https:\/\/www.europesays.com\/se\/wp-json\/wp\/v2\/media\/116743"}],"wp:attachment":[{"href":"https:\/\/www.europesays.com\/se\/wp-json\/wp\/v2\/media?parent=116742"}],"wp:term":[{"taxonomy":"category","embeddable":true,"href":"https:\/\/www.europesays.com\/se\/wp-json\/wp\/v2\/categories?post=116742"},{"taxonomy":"post_tag","embeddable":true,"href":"https:\/\/www.europesays.com\/se\/wp-json\/wp\/v2\/tags?post=116742"}],"curies":[{"name":"wp","href":"https:\/\/api.w.org\/{rel}","templated":true}]}}