{"id":116748,"date":"2025-12-25T17:18:17","date_gmt":"2025-12-25T17:18:17","guid":{"rendered":"https:\/\/www.europesays.com\/se\/116748\/"},"modified":"2025-12-25T17:18:17","modified_gmt":"2025-12-25T17:18:17","slug":"bob-hund-donerar-rekordmangd-till-rockarkivet","status":"publish","type":"post","link":"https:\/\/www.europesays.com\/se\/116748\/","title":{"rendered":"Bob Hund donerar rekordm\u00e4ngd till rockarkivet"},"content":{"rendered":"<p>I somras avslutade Bob Hund, som ofta har kallats Sveriges b\u00e4sta liveband, sin \u00f6ver 30 \u00e5r l\u00e5nga karri\u00e4r med en sista turn\u00e9.<\/p>\n<p>\u2013 Vi har haft samtal med Bob Hund under ganska l\u00e5ng tid, f\u00f6r de har vetat om att de ska l\u00e4gga ner som band under ett \u00e5r. Vi har varit i kontakt under egentligen hela \u00e5ret och de har fr\u00e5gat om vi har m\u00f6jlighet att ta emot det material som de vill f\u00e5 arkiverat, s\u00e4ger Stefan \u00d6lvebring.<\/p>\n<p>Arkivchefen tackade ja till erbjudandet, och nyligen kom en stor lastbil till Hultsfred \u2013 fullastad med saker fr\u00e5n bandets karri\u00e4r.<\/p>\n<p>\u2013 Det var precis smockfullt med grejer.<\/p>\n<p><img decoding=\"async\" style=\"width: 100%; aspect-ratio: 16 \/ 9 auto;\" src=\"https:\/\/www.europesays.com\/se\/wp-content\/uploads\/2025\/12\/960ca042-991e-403f-b473-86ffaa0b37a3\" alt=\"&quot;Bob Hund spelade p\u00e5 Stora dansbanan p\u00e5 Hultsfred redan 1993 som ett relativt ok\u00e4nt band&quot;, s\u00e4ger arkivchefen Stefan \u00d6lvebring som h\u00e4r visar upp ett exemplar av den mask som s\u00e5ngaren Thomas \u00d6berg brukade b\u00e4ra p\u00e5 scen.\" class=\"\" loading=\"lazy\" fetchpriority=\"auto\"\/><\/p>\n<p>&#8221;Bob Hund spelade p\u00e5 Stora dansbanan p\u00e5 Hultsfred redan 1993 som ett relativt ok\u00e4nt band&#8221;, s\u00e4ger arkivchefen Stefan \u00d6lvebring som h\u00e4r visar upp ett exemplar av den mask som s\u00e5ngaren Thomas \u00d6berg brukade b\u00e4ra p\u00e5 scen.<\/p>\n<p>Foto: Jimmy Larsson<\/p>\n<p><strong>\u00c4r det en av de st\u00f6rsta donationerna som rockarkivet har f\u00e5tt?<\/strong><\/p>\n<p>\u2013 Volymm\u00e4ssigt \u00e4r det nog det, f\u00f6r det var s\u00e5 himla stora saker. Objektm\u00e4ssigt har vi nog f\u00e5tt st\u00f6rre n\u00e4r vi tagit emot hundratusentals objekt fr\u00e5n andra donatorer, men den h\u00e4r var nog st\u00f6rst rent volymm\u00e4ssigt.<\/p>\n<p>Bland annat donerade bandet ett flertal trafikkoner i olika storlekar till rockarkivet.<\/p>\n<p>\u2013 Den st\u00f6rsta var ungef\u00e4r tre g\u00e5nger fem meter.<\/p>\n<p><img decoding=\"async\" style=\"width: 100%; aspect-ratio: 16 \/ 9 auto;\" src=\"https:\/\/www.europesays.com\/se\/wp-content\/uploads\/2025\/12\/61ea822b-cfbb-4c55-a2a3-c9bf37f2375c\" alt=\"I somras \u00e5kte Bob Hund ut p\u00e5 turn\u00e9 f\u00f6r sista g\u00e5ngen. Totalt gjorde bandet 777 spelningar under sin karri\u00e4r, varav nio stycken i Hultsfred.\" class=\"\" loading=\"lazy\" fetchpriority=\"auto\"\/><\/p>\n<p>I somras \u00e5kte Bob Hund ut p\u00e5 turn\u00e9 f\u00f6r sista g\u00e5ngen. Totalt gjorde bandet 777 spelningar under sin karri\u00e4r, varav nio stycken i Hultsfred.<\/p>\n<p>Foto: Bj\u00f6rn Larsson Rosvall\/TT<\/p>\n<p>Bob Hund, som bildades 1991, var en minst sagt kreativ grupp som f\u00f6rutom 777 konserter (varav nio i Hultsfred) och en rad album till exempel gjorde egna utst\u00e4llningar.\u00a0<\/p>\n<p>\u2013 De \u00e4r konstn\u00e4rliga och har gjort mycket olika grejer och mycket visuella saker. Det blir mycket roligt arkivmaterial av det. Det \u00e4r inte bara n\u00e5gon affisch eller n\u00e5gon skiva, utan h\u00e4r \u00e4r det andra saker som \u00e4r mer konstn\u00e4rliga.<\/p>\n<p>D\u00e4rf\u00f6r finns allt fr\u00e5n en stor svan till ett &#8221;olyckohjul&#8221; och en minigolfbana bland sakerna som har sk\u00e4nkts till arkivet i Hultsfred.<\/p>\n<p>\u2013 Det st\u00e5r &#8221;v\u00e4rldens l\u00e4ngsta minigolfbana, kanske&#8221;. Den \u00e4r uppemot 40 meter l\u00e5ng, s\u00e4ger Stefan \u00d6lvebring och till\u00e4gger att banan inte \u00e4r ihopsatt i nul\u00e4get.<\/p>\n<p>\u2013 En av killarna i Bob Hund, Jonas Jonasson, kommer hit i januari. D\u00e5 ska vi g\u00e5 igenom materialet. Nu st\u00e5r det omonterat i sina gallervagnar. Men det \u00e4r fr\u00e5n deras stora utst\u00e4llningar som de har gjort.<\/p>\n<p><img decoding=\"async\" style=\"width: 100%; aspect-ratio: 16 \/ 9 auto;\" src=\"https:\/\/www.europesays.com\/se\/wp-content\/uploads\/2025\/12\/cd36fb46-5d42-40c6-bcaf-297d4ec00d40\" alt=\"De st\u00f6rre sakerna fr\u00e5n donationen, exempelvis en svan, f\u00f6rvaras i en lokal p\u00e5 gamla Hultsfredshusomr\u00e5det.\" class=\"\" loading=\"lazy\" fetchpriority=\"auto\"\/><\/p>\n<p>De st\u00f6rre sakerna fr\u00e5n donationen, exempelvis en svan, f\u00f6rvaras i en lokal p\u00e5 gamla Hultsfredshusomr\u00e5det.<\/p>\n<p>Foto: Privat<\/p>\n<p>Lastbilen inneh\u00f6ll \u00e4ven en foodtruck i Bob Hund-stil, mastertaper med bandets skivor, filmer fr\u00e5n en rad konserter, brev, priser, foton, pressklipp och m\u00e4ngder av andra prylar.<\/p>\n<p>Rockarkivet har numera en s\u00e4rskild hylla f\u00f6r Bob Hunds mastertaper, filmer och andra mindre saker.<\/p>\n<p>\u2013 Det \u00e4r faktiskt bara de och Spotnicks som har varsin egen hylla.<\/p>\n<p>De st\u00f6rre sakerna har magasinerats i en lokal som rockarkivet skaffat p\u00e5 gamla Hultsfredshusomr\u00e5det.<\/p>\n<p>\u2013 I det magasinet som vi har haft fram till nu hade det inte varit m\u00f6jligt att f\u00e5 in de h\u00e4r sakerna genom d\u00f6rren ens, f\u00f6r det var f\u00f6r liten d\u00f6rr. Och det hade varit v\u00e4ldigt b\u00f6kigt med trappor. Nu har vi lyckats f\u00e5 loss den h\u00e4r lokalen som \u00e4r i markplan och som har stora d\u00f6rrar. Vi k\u00e4nner oss otroligt n\u00f6jda \u00f6ver att vi har lyckats f\u00e5 till den magasinslokalen, s\u00e5 att vi kan f\u00e5 in mer material.<\/p>\n<p><img decoding=\"async\" style=\"width: 100%; aspect-ratio: 16 \/ 9 auto;\" src=\"https:\/\/www.europesays.com\/se\/wp-content\/uploads\/2025\/12\/900ad27f-68ba-4eff-b18e-50fbaba30d3d\" alt=\"Priser, vantar, tavlor och en hj\u00e4lm \u00e4r n\u00e5gra av prylarna som Bob Hund har donerat till rockarkivet.\" class=\"\" loading=\"lazy\" fetchpriority=\"auto\"\/><\/p>\n<p>Priser, vantar, tavlor och en hj\u00e4lm \u00e4r n\u00e5gra av prylarna som Bob Hund har donerat till rockarkivet.<\/p>\n<p>Foto: Jimmy Larsson<\/p>\n<p>Det nya magasinet ska inte bara anv\u00e4ndas f\u00f6r Bob Hunds donation.<\/p>\n<p>\u2013 Under v\u00e5ren kommer vi att flytta \u00f6ver allt fr\u00e5n det gamla magasinet till det nya. Det \u00e4r mer grejer p\u00e5 v\u00e4g in ocks\u00e5. Vi kommer att f\u00e5 stora donationer.<\/p>\n<p>Tanken \u00e4r att Bob Hund-prylarna ska visas upp f\u00f6r allm\u00e4nheten fram\u00f6ver.<\/p>\n<p>\u2013 De lokaler vi har d\u00e4r ute \u00e4r inte m\u00f6jliga att ha en utst\u00e4llning i. Men vi kommer kanske att kunna visa dem n\u00e5gon annanstans. De ska inte bara st\u00e5 och damma n\u00e5gonstans d\u00e4r ingen f\u00e5r se dem, utan det \u00e4r klart att vi vill visa upp materialet, s\u00e4ger Stefan \u00d6lvebring och till\u00e4gger:<\/p>\n<p>\u2013 Men var eller hur det ska bli har vi inte riktigt rett ut.<\/p>\n<p><img decoding=\"async\" style=\"width: 100%; aspect-ratio: 16 \/ 9 auto;\" src=\"https:\/\/www.europesays.com\/se\/wp-content\/uploads\/2025\/12\/1eee1cea-76ba-4180-8578-02fbc334c4c6\" alt=\"Mastertaper fr\u00e5n Bob Hunds skivinspelningar ing\u00e5r i materialet som har arkiverats i Hultsfred.\" class=\"\" loading=\"lazy\" fetchpriority=\"auto\"\/><\/p>\n<p>Mastertaper fr\u00e5n Bob Hunds skivinspelningar ing\u00e5r i materialet som har arkiverats i Hultsfred.<\/p>\n<p>Foto: Jimmy Larsson<\/p>\n<p><img decoding=\"async\" style=\"width: 100%; aspect-ratio: 16 \/ 9 auto;\" src=\"https:\/\/www.europesays.com\/se\/wp-content\/uploads\/2025\/12\/24d9cf0b-9e5a-4cf3-ab6c-4b424732badb\" alt=\"Bob Hund \u00e4r ett av bara tv\u00e5 band som numera har sin egen hylla i rockarkivet.\" class=\"\" loading=\"lazy\" fetchpriority=\"auto\"\/><\/p>\n<p>Bob Hund \u00e4r ett av bara tv\u00e5 band som numera har sin egen hylla i rockarkivet.<\/p>\n<p>Foto: Jimmy Larsson<\/p>\n<p><img decoding=\"async\" style=\"width: 100%; aspect-ratio: 16 \/ 9 auto;\" src=\"https:\/\/www.europesays.com\/se\/wp-content\/uploads\/2025\/12\/6ab16970-f50a-4690-8fa5-a626694966c4\" alt=\"Bob Hunds prylar har magasinerats i rockarkivets nya lokal p\u00e5 gamla Hultsfredshusomr\u00e5det.\" class=\"\" loading=\"lazy\" fetchpriority=\"auto\"\/><\/p>\n<p>Bob Hunds prylar har magasinerats i rockarkivets nya lokal p\u00e5 gamla Hultsfredshusomr\u00e5det.<\/p>\n<p>Foto: Privat<\/p>\n<p><img decoding=\"async\" style=\"width: 100%; aspect-ratio: 16 \/ 9 auto;\" src=\"https:\/\/www.europesays.com\/se\/wp-content\/uploads\/2025\/12\/658d8809-b5cb-48be-92af-71a38ab3b061\" alt=\"Bob Hund-hyllan i Svenskt Rockarkiv i Hultsfred.\" class=\"\" loading=\"lazy\" fetchpriority=\"auto\"\/><\/p>\n<p>Bob Hund-hyllan i Svenskt Rockarkiv i Hultsfred.<\/p>\n<p>Foto: Jimmy Larsson<\/p>\n","protected":false},"excerpt":{"rendered":"I somras avslutade Bob Hund, som ofta har kallats Sveriges b\u00e4sta liveband, sin \u00f6ver 30 \u00e5r l\u00e5nga karri\u00e4r&hellip;\n","protected":false},"author":2,"featured_media":116749,"comment_status":"","ping_status":"","sticky":false,"template":"","format":"standard","meta":{"footnotes":""},"categories":[67],"tags":[104,34,31,33,32,30,105],"class_list":{"0":"post-116748","1":"post","2":"type-post","3":"status-publish","4":"format-standard","5":"has-post-thumbnail","7":"category-underhallning","8":"tag-entertainment","9":"tag-se","10":"tag-svenska","11":"tag-sverige","12":"tag-sweden","13":"tag-swedish","14":"tag-underhallning"},"share_on_mastodon":{"url":"https:\/\/pubeurope.com\/@se\/115781351089186430","error":""},"_links":{"self":[{"href":"https:\/\/www.europesays.com\/se\/wp-json\/wp\/v2\/posts\/116748","targetHints":{"allow":["GET"]}}],"collection":[{"href":"https:\/\/www.europesays.com\/se\/wp-json\/wp\/v2\/posts"}],"about":[{"href":"https:\/\/www.europesays.com\/se\/wp-json\/wp\/v2\/types\/post"}],"author":[{"embeddable":true,"href":"https:\/\/www.europesays.com\/se\/wp-json\/wp\/v2\/users\/2"}],"replies":[{"embeddable":true,"href":"https:\/\/www.europesays.com\/se\/wp-json\/wp\/v2\/comments?post=116748"}],"version-history":[{"count":0,"href":"https:\/\/www.europesays.com\/se\/wp-json\/wp\/v2\/posts\/116748\/revisions"}],"wp:featuredmedia":[{"embeddable":true,"href":"https:\/\/www.europesays.com\/se\/wp-json\/wp\/v2\/media\/116749"}],"wp:attachment":[{"href":"https:\/\/www.europesays.com\/se\/wp-json\/wp\/v2\/media?parent=116748"}],"wp:term":[{"taxonomy":"category","embeddable":true,"href":"https:\/\/www.europesays.com\/se\/wp-json\/wp\/v2\/categories?post=116748"},{"taxonomy":"post_tag","embeddable":true,"href":"https:\/\/www.europesays.com\/se\/wp-json\/wp\/v2\/tags?post=116748"}],"curies":[{"name":"wp","href":"https:\/\/api.w.org\/{rel}","templated":true}]}}