{"id":116760,"date":"2025-12-25T17:32:18","date_gmt":"2025-12-25T17:32:18","guid":{"rendered":"https:\/\/www.europesays.com\/se\/116760\/"},"modified":"2025-12-25T17:32:18","modified_gmt":"2025-12-25T17:32:18","slug":"mette-marits-ilska-orden-om-sonen-marius-borg-hoiby-kungligt","status":"publish","type":"post","link":"https:\/\/www.europesays.com\/se\/116760\/","title":{"rendered":"Mette-Marits ilska \u2013 orden om sonen Marius Borg H\u00f8iby | Kungligt"},"content":{"rendered":"<p>Publicerad 25 dec 2025 kl 14.09Uppdaterad kl 14.48<\/p>\n<p>Den norska kronprinsessan Mette-Marit uttalar sig nu om v\u00e5ldt\u00e4ktsanklagelserna mot hennes son, Marius Borg H\u00f8iby.<\/p>\n<p>\u2013 Det som g\u00f6r mig mest uppr\u00f6rd \u00e4r att bli kritiserad f\u00f6r hur vi har hanterat det h\u00e4r som f\u00f6r\u00e4ldrar, s\u00e4ger hon i norska \u00c5ret med kungafamiljen.\u00a0<\/p>\n<p><img   alt=\"\"\/><\/p>\n<p>Norges kronprinsessa Mete-Marit.<\/p>\n<p>Foto: TOM HANSEN\/WWW.HANSENFOTO.NO \/ TOM HANSEN<\/p>\n<p>\u00d6ppna bild i helsk\u00e4rm<img loading=\"lazy\"   alt=\"\"\/><\/p>\n<p>Marius Borg H\u00f8iby \u00e4r misst\u00e4nkt f\u00f6r flera v\u00e5ldt\u00e4kter, misshandel och sexuella \u00f6vergrepp.<\/p>\n<p>Foto: Lise \u00c5serud \/ NTB TT NYHETSBYR\u00c5N<\/p>\n<p>\u00d6ppna bild i helsk\u00e4rm<\/p>\n<p>I b\u00f6rjan av februari inleds r\u00e4tteg\u00e5ngen mot Marius Borg H\u00f8iby, som anklagas f\u00f6r flera v\u00e5ldt\u00e4kter, misshandel och sexuella \u00f6vergrepp. Sammanlagt r\u00f6r det sig om 32 brott.<\/p>\n<p>Borg H\u00f8iby \u00e4r son till Norges kronprinsessa <a href=\"https:\/\/www.expressen.se\/tagg\/person\/mette-marit\/\" class=\"\" rel=\"nofollow noopener\" target=\"_blank\">Mette-Marit<\/a>. Hon har varit f\u00e5ordig om anklagelserna mot sonen, men nu tar hon till orda i NRK:s \u00c5ret med kungafamiljen.\u00a0<\/p>\n<p>\u2013 Jag tycker det \u00e4r ganska kr\u00e4vande att bli anklagad f\u00f6r s\u00e5 allvarliga saker, som jag uppenbarligen inte har gjort, s\u00e4ger hon och forts\u00e4tter:\u00a0<\/p>\n<p>\u2013 Det som g\u00f6r mig mest uppr\u00f6rd \u00e4r att bli kritiserad f\u00f6r hur vi har hanterat det h\u00e4r som f\u00f6r\u00e4ldrar. Att vi inte har tagit det p\u00e5 allvar. Det tycker jag \u00e4r vanskligt.\u00a0<\/p>\n<p>S\u00f6kt hj\u00e4lp<\/p>\n<p>Hon s\u00e4ger att familjen har tagit hj\u00e4lp professionellt.<\/p>\n<p>\u2013 Det k\u00e4nns lite or\u00e4ttvist, att vi inte skulle ha tagit situationen p\u00e5 allvar. Det tycker jag att vi har.\u00a0<\/p>\n<p>\u00c4ven kung Harald kommenterar saken i programmet. D\u00e4r understryker han att han tycker att r\u00e4ttsprocessen ska f\u00e5 ha sin g\u00e5ng.<\/p>\n<p>\u2013 Samtidigt vill jag s\u00e4ga att vi k\u00e4nner med alla som \u00e4r ber\u00f6rda. Inte bara i v\u00e5r egen familj, utan alla som ber\u00f6rs. Vi k\u00e4nner med dem och hoppas de har det bra och f\u00e5r det b\u00e4ttre efter r\u00e4tteg\u00e5ngen, s\u00e4ger han.\u00a0<\/p>\n","protected":false},"excerpt":{"rendered":"Publicerad 25 dec 2025 kl 14.09Uppdaterad kl 14.48 Den norska kronprinsessan Mette-Marit uttalar sig nu om v\u00e5ldt\u00e4ktsanklagelserna mot&hellip;\n","protected":false},"author":2,"featured_media":116761,"comment_status":"","ping_status":"","sticky":false,"template":"","format":"standard","meta":{"footnotes":""},"categories":[5],"tags":[22,23,26,27,17,21,24,25,254,28,29,15,16,1212,18,34,612,31,33,32,30,19,20],"class_list":{"0":"post-116760","1":"post","2":"type-post","3":"status-publish","4":"format-standard","5":"has-post-thumbnail","7":"category-rubriker","8":"tag-breaking-news","9":"tag-breakingnews","10":"tag-featured-news","11":"tag-featurednews","12":"tag-headlines","13":"tag-huvudnyheter","14":"tag-latest-news","15":"tag-latestnews","16":"tag-location-norge","17":"tag-main-news","18":"tag-mainnews","19":"tag-news","20":"tag-nyheter","21":"tag-person-mette-marit","22":"tag-rubriker","23":"tag-se","24":"tag-sections-kungligt","25":"tag-svenska","26":"tag-sverige","27":"tag-sweden","28":"tag-swedish","29":"tag-top-stories","30":"tag-topstories"},"share_on_mastodon":{"url":"https:\/\/pubeurope.com\/@se\/115781405425932539","error":""},"_links":{"self":[{"href":"https:\/\/www.europesays.com\/se\/wp-json\/wp\/v2\/posts\/116760","targetHints":{"allow":["GET"]}}],"collection":[{"href":"https:\/\/www.europesays.com\/se\/wp-json\/wp\/v2\/posts"}],"about":[{"href":"https:\/\/www.europesays.com\/se\/wp-json\/wp\/v2\/types\/post"}],"author":[{"embeddable":true,"href":"https:\/\/www.europesays.com\/se\/wp-json\/wp\/v2\/users\/2"}],"replies":[{"embeddable":true,"href":"https:\/\/www.europesays.com\/se\/wp-json\/wp\/v2\/comments?post=116760"}],"version-history":[{"count":0,"href":"https:\/\/www.europesays.com\/se\/wp-json\/wp\/v2\/posts\/116760\/revisions"}],"wp:featuredmedia":[{"embeddable":true,"href":"https:\/\/www.europesays.com\/se\/wp-json\/wp\/v2\/media\/116761"}],"wp:attachment":[{"href":"https:\/\/www.europesays.com\/se\/wp-json\/wp\/v2\/media?parent=116760"}],"wp:term":[{"taxonomy":"category","embeddable":true,"href":"https:\/\/www.europesays.com\/se\/wp-json\/wp\/v2\/categories?post=116760"},{"taxonomy":"post_tag","embeddable":true,"href":"https:\/\/www.europesays.com\/se\/wp-json\/wp\/v2\/tags?post=116760"}],"curies":[{"name":"wp","href":"https:\/\/api.w.org\/{rel}","templated":true}]}}