{"id":116764,"date":"2025-12-25T17:35:21","date_gmt":"2025-12-25T17:35:21","guid":{"rendered":"https:\/\/www.europesays.com\/se\/116764\/"},"modified":"2025-12-25T17:35:21","modified_gmt":"2025-12-25T17:35:21","slug":"kung-charles-efterlyser-forsoning","status":"publish","type":"post","link":"https:\/\/www.europesays.com\/se\/116764\/","title":{"rendered":"Kung Charles efterlyser f\u00f6rsoning"},"content":{"rendered":"<p>share-arrowDela<\/p>\n<p>unsaveSpara<\/p>\n<p>chevron-leftf\u00f6reg\u00e5ende<\/p>\n<ul class=\"carousel-container-viewport\" style=\"transform:translate3d(0%, 0, 0)\">\n<li class=\"carousel-slide\" style=\"z-index:1;filter:none(1);padding-bottom:66.68421%\"><img decoding=\"async\" class=\"image-asset hyperion-css-u06ts1\" data-test-tag=\"image-asset\" src=\"https:\/\/www.europesays.com\/se\/wp-content\/uploads\/2025\/12\/d8299409-c5d9-416f-a1d8-1d21239113d3\"  alt=\"\"  fetchpriority=\"auto\" style=\"aspect-ratio:1900 \/ 1267\"\/><\/li>\n<li class=\"carousel-slide\" style=\"filter:none(0.3);padding-bottom:66.68421%\"><img decoding=\"async\" class=\"image-asset hyperion-css-u06ts1\" data-test-tag=\"image-asset\" src=\"https:\/\/www.europesays.com\/se\/wp-content\/uploads\/2025\/12\/9044eb01-ae50-420b-9c05-ebb1173b0836\"  alt=\"\"  fetchpriority=\"auto\" style=\"aspect-ratio:1900 \/ 1267\"\/><\/li>\n<\/ul>\n<p>expand-left<\/p>\n<p>helsk\u00e4rmchevron-rightn\u00e4staKung Charles III under sitt f\u00f6rinspelade jultal i Westminster Abbey, London.<\/p>\n<p>1 \/ 2Foto: Aaron Chown\/Pa Via AP\/Pool\/TT<\/p>\n<p class=\"hyperion-css-1shl3oz\" data-test-tag=\"lead-text\">Storbritanniens kung Charles III valde att fokusera \u00e5rets jultal p\u00e5 behovet av f\u00f6rsoning och medlidande, i en tid som enligt honom pr\u00e4glats av \u201dsplittring\u201d v\u00e4rlden \u00f6ver.<\/p>\n<p class=\"hyperion-css-1v9qo5x\">Den 77-\u00e5rige kungen blickade tillbaka mot andra v\u00e4rldskrigets slut, och p\u00e5minde i sitt tal om hur m\u00e4nniskor d\u00e5 enades \u00f6ver gr\u00e4nserna i sin l\u00e4ngtan efter fred.<\/p>\n<p class=\"hyperion-css-1v9qo5x\">\u2013 N\u00e4r vi h\u00f6r om splittring b\u00e5de h\u00e4r hemma och utomlands, \u00e4r detta v\u00e4rden som vi aldrig f\u00e5r f\u00f6rlora ut sikte, sade kungen i det f\u00f6rinspelade tv-talet fr\u00e5n Westminster Abbey i London.<\/p>\n<p class=\"hyperion-css-1v9qo5x\">Kungen \u00e4r hoppfull om att det goda kommer att besegra det onda.<\/p>\n<p class=\"hyperion-css-1v9qo5x\">\u2013 Jag ser det som att vi beh\u00f6ver v\u00e4rna om medlidandet och f\u00f6rsoningen, fortsatte Charles.<\/p>\n<p class=\"hyperion-css-1v9qo5x\">Det \u00e4r andra g\u00e5ngen som kungen h\u00e5ller jultalet fr\u00e5n en annan plats \u00e4n sitt kungliga residens. I fjol talade han fr\u00e5n ett tidigare sjukhuskapell. Charles, som genomg\u00e5tt cancerbehandling, formulerade d\u00e5 jultalet som ett tack till v\u00e5rdpersonal.<\/p>\n<p class=\"hyperion-css-1v9qo5x\">F\u00f6rutom fortsatt cancerbehandling har Charles under \u00e5ret tvingats klara av sv\u00e5righeter inom familjen. Bland annat fr\u00e5ntog kungen sin yngre bror Andrew dennes prinstitel, i sviterna av Andrews kontakter med sexf\u00f6rbrytaren Jeffrey Epstein.<\/p>\n","protected":false},"excerpt":{"rendered":"share-arrowDela unsaveSpara chevron-leftf\u00f6reg\u00e5ende expand-left helsk\u00e4rmchevron-rightn\u00e4staKung Charles III under sitt f\u00f6rinspelade jultal i Westminster Abbey, London. 1 \/ 2Foto:&hellip;\n","protected":false},"author":2,"featured_media":116765,"comment_status":"","ping_status":"","sticky":false,"template":"","format":"standard","meta":{"footnotes":""},"categories":[67],"tags":[104,34,31,33,32,30,105],"class_list":{"0":"post-116764","1":"post","2":"type-post","3":"status-publish","4":"format-standard","5":"has-post-thumbnail","7":"category-underhallning","8":"tag-entertainment","9":"tag-se","10":"tag-svenska","11":"tag-sverige","12":"tag-sweden","13":"tag-swedish","14":"tag-underhallning"},"share_on_mastodon":{"url":"https:\/\/pubeurope.com\/@se\/115781417297301240","error":""},"_links":{"self":[{"href":"https:\/\/www.europesays.com\/se\/wp-json\/wp\/v2\/posts\/116764","targetHints":{"allow":["GET"]}}],"collection":[{"href":"https:\/\/www.europesays.com\/se\/wp-json\/wp\/v2\/posts"}],"about":[{"href":"https:\/\/www.europesays.com\/se\/wp-json\/wp\/v2\/types\/post"}],"author":[{"embeddable":true,"href":"https:\/\/www.europesays.com\/se\/wp-json\/wp\/v2\/users\/2"}],"replies":[{"embeddable":true,"href":"https:\/\/www.europesays.com\/se\/wp-json\/wp\/v2\/comments?post=116764"}],"version-history":[{"count":0,"href":"https:\/\/www.europesays.com\/se\/wp-json\/wp\/v2\/posts\/116764\/revisions"}],"wp:featuredmedia":[{"embeddable":true,"href":"https:\/\/www.europesays.com\/se\/wp-json\/wp\/v2\/media\/116765"}],"wp:attachment":[{"href":"https:\/\/www.europesays.com\/se\/wp-json\/wp\/v2\/media?parent=116764"}],"wp:term":[{"taxonomy":"category","embeddable":true,"href":"https:\/\/www.europesays.com\/se\/wp-json\/wp\/v2\/categories?post=116764"},{"taxonomy":"post_tag","embeddable":true,"href":"https:\/\/www.europesays.com\/se\/wp-json\/wp\/v2\/tags?post=116764"}],"curies":[{"name":"wp","href":"https:\/\/api.w.org\/{rel}","templated":true}]}}