{"id":116770,"date":"2025-12-25T17:40:18","date_gmt":"2025-12-25T17:40:18","guid":{"rendered":"https:\/\/www.europesays.com\/se\/116770\/"},"modified":"2025-12-25T17:40:18","modified_gmt":"2025-12-25T17:40:18","slug":"smhi-varnar-for-vind-och-sno-i-stora-delar-av-landet","status":"publish","type":"post","link":"https:\/\/www.europesays.com\/se\/116770\/","title":{"rendered":"SMHI varnar f\u00f6r vind och sn\u00f6 i stora delar av landet"},"content":{"rendered":"<p>&#13;<br \/>\n                                SMHI har utf\u00e4rdat v\u00e4dervarningar f\u00f6r h\u00e5rda vindar i kombination med sn\u00f6 i delar av fj\u00e4llkedjan. P\u00e5 l\u00f6rdag 27 december v\u00e4ntas h\u00e5rda vindar i stora delar av norra Sverige samt p\u00e5 delar av Gotland.  &#13;\n                            <\/p>\n<p>V\u00e4glag och framkomlighet kan p\u00e5verkas, s\u00e5 f\u00f6lj myndigheternas anvisningar och planera din resa i god tid. T\u00e5gtrafik kan komma att st\u00e4llas in.<\/p>\n<p>Str\u00f6mavbrott och telest\u00f6rningar kan uppst\u00e5.<\/p>\n","protected":false},"excerpt":{"rendered":"&#13; SMHI har utf\u00e4rdat v\u00e4dervarningar f\u00f6r h\u00e5rda vindar i kombination med sn\u00f6 i delar av fj\u00e4llkedjan. P\u00e5 l\u00f6rdag&hellip;\n","protected":false},"author":2,"featured_media":5952,"comment_status":"","ping_status":"","sticky":false,"template":"","format":"standard","meta":{"footnotes":""},"categories":[5],"tags":[22,23,26,27,17,21,24,25,28,29,15,16,18,34,31,33,32,30,19,20],"class_list":{"0":"post-116770","1":"post","2":"type-post","3":"status-publish","4":"format-standard","5":"has-post-thumbnail","7":"category-rubriker","8":"tag-breaking-news","9":"tag-breakingnews","10":"tag-featured-news","11":"tag-featurednews","12":"tag-headlines","13":"tag-huvudnyheter","14":"tag-latest-news","15":"tag-latestnews","16":"tag-main-news","17":"tag-mainnews","18":"tag-news","19":"tag-nyheter","20":"tag-rubriker","21":"tag-se","22":"tag-svenska","23":"tag-sverige","24":"tag-sweden","25":"tag-swedish","26":"tag-top-stories","27":"tag-topstories"},"share_on_mastodon":{"url":"https:\/\/pubeurope.com\/@se\/115781436903227515","error":""},"_links":{"self":[{"href":"https:\/\/www.europesays.com\/se\/wp-json\/wp\/v2\/posts\/116770","targetHints":{"allow":["GET"]}}],"collection":[{"href":"https:\/\/www.europesays.com\/se\/wp-json\/wp\/v2\/posts"}],"about":[{"href":"https:\/\/www.europesays.com\/se\/wp-json\/wp\/v2\/types\/post"}],"author":[{"embeddable":true,"href":"https:\/\/www.europesays.com\/se\/wp-json\/wp\/v2\/users\/2"}],"replies":[{"embeddable":true,"href":"https:\/\/www.europesays.com\/se\/wp-json\/wp\/v2\/comments?post=116770"}],"version-history":[{"count":0,"href":"https:\/\/www.europesays.com\/se\/wp-json\/wp\/v2\/posts\/116770\/revisions"}],"wp:featuredmedia":[{"embeddable":true,"href":"https:\/\/www.europesays.com\/se\/wp-json\/wp\/v2\/media\/5952"}],"wp:attachment":[{"href":"https:\/\/www.europesays.com\/se\/wp-json\/wp\/v2\/media?parent=116770"}],"wp:term":[{"taxonomy":"category","embeddable":true,"href":"https:\/\/www.europesays.com\/se\/wp-json\/wp\/v2\/categories?post=116770"},{"taxonomy":"post_tag","embeddable":true,"href":"https:\/\/www.europesays.com\/se\/wp-json\/wp\/v2\/tags?post=116770"}],"curies":[{"name":"wp","href":"https:\/\/api.w.org\/{rel}","templated":true}]}}