{"id":116774,"date":"2025-12-25T17:48:24","date_gmt":"2025-12-25T17:48:24","guid":{"rendered":"https:\/\/www.europesays.com\/se\/116774\/"},"modified":"2025-12-25T17:48:24","modified_gmt":"2025-12-25T17:48:24","slug":"farjepriserna-vi-kan-inte-ha-det-pa-det-har-viset","status":"publish","type":"post","link":"https:\/\/www.europesays.com\/se\/116774\/","title":{"rendered":"F\u00e4rjepriserna: &#8221;Vi kan inte ha det p\u00e5 det h\u00e4r viset&#8221;"},"content":{"rendered":"<p class=\"p1\"><b>Centerpartiet g\u00e5r nu vidare med initiativet att halvera f\u00e4rjepriserna. I m\u00e5ndags presenterade partiledningen ett utkast i samband med en presstr\u00e4ff p\u00e5 Gotland.<\/b><\/p>\n<p class=\"p1\">Sedan partiets talesperson i infrastrukturfr\u00e5gor, trafikutskottets ordf\u00f6rande Ulrika Heie, lyfte fr\u00e5gan om de <a href=\"https:\/\/www.horisontmagasin.se\/2025\/12\/18\/utspelet-om-farjepriser-nu-racker-det\/\" rel=\"nofollow noopener\" target=\"_blank\"><strong>h\u00f6ga biljettkostnaderna<\/strong><\/a> p\u00e5 f\u00e4rjorna, har Centerpartiet redan arbetat fram ett f\u00f6rslag. I det vill de redan inom den g\u00e4llande, och kommande, avtalsperioden halvera biljettpriserna.<\/p>\n<p class=\"p1\">Det presenterades vid en presskonferens i Gotlandscenterns lokaler p\u00e5 m\u00e5ndagen. D\u00e4r deltog bland annat partisekreteraren Hannes Hervieu.<\/p>\n<p class=\"p1\">\u2013 Vi k\u00e4nner oss v\u00e4ldigt trygga med det vi nu har tagit fram och att vi har med partiledningen i ryggen i den h\u00e4r fr\u00e5gan, s\u00e4ger Lars Thomsson, f\u00f6rste vice ordf\u00f6rande.<\/p>\n<p>\u00a0<\/p>\n<p class=\"p1\"><strong>Den exakta ber\u00e4kningsmodellen<\/strong> f\u00f6r hur de ska f\u00f6rel\u00e4gga trafikutskottet sitt initiativ ska Centerpartiet arbeta vidare med. Avtalets priss\u00e4ttningsmodell, med tak- och maxpriser samt snittpriser och den omtalade dynamiska priss\u00e4ttningen, \u00e4r ett komplex system som fortfarande beh\u00f6ver g\u00e5s igenom grundligare. P\u00e5 Centerpartiets lokala hemsida redog\u00f6r de f\u00f6r hur det forts\u00e4tta uppdraget beh\u00f6ver utformas: F\u00f6rslag p\u00e5 utformning av ett st\u00f6d direkt till resen\u00e4rer, baserat p\u00e5 till\u00e4mpliga statsst\u00f6dsundantag; Administrativ modell, exempelvis via reducerat biljettpris vid k\u00f6p; Effekter f\u00f6r tillg\u00e4nglighet, arbetsmarknad, social sammanh\u00e5llning, n\u00e4ringsliv och samh\u00e4llsekonomisk utveckling ska utv\u00e4rderas samt en prelimin\u00e4r kostnadsbed\u00f6mning.<\/p>\n<p class=\"p1\">\u2013 Finns den politiska viljan s\u00e5 ska det h\u00e4r bara g\u00e5 att l\u00f6sa. Vi kan inte ha det p\u00e5 det h\u00e4r viset.<\/p>\n<p>                                        Annons<br \/>\n                                        <a href=\"https:\/\/www.ica.se\/butiker\/maxi\/gotland\/maxi-ica-stormarknad-visby-1003730\/?icqid=Cj0KCQjw267GBhCSARIsAOjVJ4EqRnbF2Qf0AsSOKIsrNJ4-91F_r60p5WznKWj-YwHnO2qRYbe0lOQaAqAiEALw_wcB&amp;gad_source=1&amp;gad_campaignid=7319844863&amp;gbraid=0AAAAADKgUif50mduMbE68IsscFGAabWsm&amp;gclid=Cj0KCQjw267GBhCSARIsAOjVJ4EqRnbF2Qf0AsSOKIsrNJ4-91F_r60p5WznKWj-YwHnO2qRYbe0lOQaAqAiEALw_wcB\" target=\"_blank\" data-tracking-id=\"left3\" rel=\"nofollow noopener\"><img decoding=\"async\" src=\"https:\/\/usercontent.one\/wp\/www.horisontmagasin.se\/wp-content\/uploads\/2024\/09\/800-x-200-Ica-Maxi.jpg?media=1766356387\" alt=\"Annons\" class=\"img-fluid mx-auto d-block lazyload\" bad-src=\"data:image\/svg+xml;base64,PHN2ZyB3aWR0aD0iMSIgaGVpZ2h0PSIxIiB4bWxucz0iaHR0cDovL3d3dy53My5vcmcvMjAwMC9zdmciPjwvc3ZnPg==\"\/><\/a>                                    <\/p>\n<p>Det har g\u00e5tt p\u00e5 Mallorca och Bornholm att komma tillr\u00e4tta med priserna, s\u00e4ger Lars Thomsson.<\/p>\n<p class=\"p1\">Partiet har sedan tidigare tagit h\u00f6jd f\u00f6r de merkostnader en genomgripande priss\u00e4nkning skulle inneb\u00e4ra.<\/p>\n<p class=\"p1\">\u2013 I v\u00e5r budget har vi satt av 200 miljoner kronor f\u00f6r att inf\u00f6r principen om en fungerande \u00f6-politik, f\u00f6r det beh\u00f6ver komma in mer statliga pengar i sj\u00e4lva systemet, s\u00e4ger Thomsson. \u00a0<\/p>\n<p>\u00a0<\/p>\n<p class=\"p1\"><strong>Centerpartiet v\u00e4nder<\/strong> sig emot att infrastrukturministern Andreas Carlson p\u00e5 f\u00f6rra veckans presstr\u00e4ff meddelade att det <a href=\"https:\/\/www.horisontmagasin.se\/2025\/12\/17\/ministern-tror-pa-dampade-priser-under-nasta-ar\/\" rel=\"nofollow noopener\" target=\"_blank\"><strong>inte finns utrymme inom EU-ramarna<\/strong><\/a> f\u00f6r ett riktat st\u00f6d, s\u00e5 som regeringen fick igenom 2023. D\u00e5 sade Carlson att den d\u00f6rren \u00e4r st\u00e4ngd.<\/p>\n<p class=\"p1\">\u2013 D\u00e5 tror jag att han \u00e4r d\u00e5ligt p\u00e5l\u00e4st i s\u00e5 fall. Regelverket visar att det finns \u00e5tminstone tv\u00e5 undantag som kan anv\u00e4ndas. Dels st\u00f6d f\u00f6r sociala kontakter, dels transporter till och fr\u00e5n \u00f6ar, s\u00e4ger Lars Thomsson.<\/p>\n<p class=\"p1\">Det initiativ som Centerpartiet nu tar fram kommer att l\u00e4ggas fram f\u00f6r trafikutskottet p\u00e5 dess m\u00f6te 20 januari. Dagen efter, 21 januari, har de tv\u00e5 gotl\u00e4ndska riksdagsledam\u00f6terna kallat till ett seminarium om f\u00e4rjepriserna.<\/p>\n<p class=\"p1\">\u2013 I nul\u00e4get \u00e4r det h\u00e4r utskottsinitiativet r\u00e4tt allm\u00e4nt h\u00e5llet men vi hoppas att fler kommer att st\u00e4lla sig bakom det s\u00e5 att riksdagen kan besluta om ett direkt och riktat st\u00f6d till Gotlandstrafiken utanf\u00f6r upphandlingen av det avtal som f\u00f6religger, s\u00e4ger Thomsson.<\/p>\n<p>\u00a0<\/p>\n<p><strong>L\u00e4s mer:\u00a0<\/strong><\/p>\n<p><a href=\"https:\/\/www.horisontmagasin.se\/2025\/12\/18\/utspelet-om-farjepriser-nu-racker-det\/\" rel=\"nofollow noopener\" target=\"_blank\"><strong>C-utspelet om f\u00e4rjepriserna: Nu r\u00e4cker det<\/strong> <\/a>(Horisont 18 december 2025)<\/p>\n<p><a href=\"https:\/\/www.horisontmagasin.se\/2025\/12\/17\/ministern-tror-pa-dampade-priser-under-nasta-ar\/\" rel=\"nofollow noopener\" target=\"_blank\"><strong>Minister tror p\u00e5 l\u00e4gre priser n\u00e4sta \u00e5r<\/strong> <\/a>(Horisont 17 december 2025)<\/p>\n<p><a href=\"https:\/\/www.horisontmagasin.se\/2025\/12\/17\/regionen-portad-fran-presstraff-med-ministern\/\" rel=\"nofollow noopener\" target=\"_blank\"><strong>Regionen portad fr\u00e5n ministerns presstr\u00e4ff<\/strong> <\/a>(Horisont 17 december 2025)<\/p>\n<p><a href=\"https:\/\/www.horisontmagasin.se\/2025\/12\/17\/att-det-ar-dyrt-att-aka-farja-ar-ingen-kansla\/\" rel=\"nofollow noopener\" target=\"_blank\"><strong>&#8221;Att det \u00e4r dyrt att \u00e5ka f\u00e4rja \u00e4r ingen k\u00e4nsla&#8221;<\/strong> <\/a>(Horisont 17 december 2025)<\/p>\n<p><a href=\"https:\/\/www.horisontmagasin.se\/2025\/12\/10\/skarp-kritik-mot-dgs-uppgifter-om-boenderabatt\/\" rel=\"nofollow noopener\" target=\"_blank\"><strong>Skarp kritik mot DG:s uppgifter om boenderabatt<\/strong><\/a> (Horisont 10 december 2025)<\/p>\n<p><a href=\"https:\/\/www.horisontmagasin.se\/2025\/12\/09\/prissankning-mojlig-nu-ar-det-vilja-som-behovs\/\" rel=\"nofollow noopener\" target=\"_blank\"><strong>Priss\u00e4nkning m\u00f6jlig: &#8221;Politisk vilja beh\u00f6vs&#8221;<\/strong><\/a> (Horisont 9 december 2025)<\/p>\n<p><a href=\"https:\/\/www.horisontmagasin.se\/2025\/12\/08\/rabattsystemet-en-kostsam-affar\/\" rel=\"nofollow noopener\" target=\"_blank\"><strong>Rabattsystemet kostsamt \u2013 f\u00f6r \u00f6borna<\/strong><\/a> (Horisont 8 december 2025)<\/p>\n<p><a href=\"https:\/\/www.horisontmagasin.se\/2025\/12\/01\/inga-nya-besked-fran-ministern-allvarligt\/\" rel=\"nofollow noopener\" target=\"_blank\"><strong>Inga nya besked fr\u00e5n ministern: &#8221;Allvarligt&#8221;<\/strong><\/a> (Horisont 1 december 2025)<\/p>\n<p><a href=\"https:\/\/www.horisontmagasin.se\/2025\/11\/26\/om-tre-veckor-kan-agneta-overlamna-underskrifterna\/\" rel=\"nofollow noopener\" target=\"_blank\"><strong>Om tre veckor kan Agneta l\u00e4mna \u00f6ver underskrifterna<\/strong><\/a> (Horisont 26 november 2025)<\/p>\n<p><a href=\"https:\/\/www.horisontmagasin.se\/2025\/11\/25\/tu-ordforande-om-farjepriserna-diskriminerande\/\" rel=\"nofollow noopener\" target=\"_blank\"><strong>TU-ordf\u00f6randen om f\u00e4rjepriserna: &#8221;Diskriminerande&#8221;<\/strong> <\/a>(Horisont 26 november 2025)<\/p>\n<p><a href=\"https:\/\/www.horisontmagasin.se\/2025\/11\/06\/farjepriserna-i-riksdagen-optimism\/\" rel=\"nofollow noopener\" target=\"_blank\"><strong>F\u00e4rjepriser i riksdagen: \u201dDet var lite optimism\u201d<\/strong> <\/a>(Horisont 6 november 2025)<\/p>\n<p><a href=\"https:\/\/www.horisontmagasin.se\/2025\/11\/06\/ministerns-svar-om-farjepriser-vacker-ilska\/\" rel=\"nofollow noopener\" target=\"_blank\"><strong>Ministerns svar om f\u00e4rjepriser v\u00e4cker ilska<\/strong> <\/a>(Horisont 6 november 2025)<\/p>\n<p><a href=\"https:\/\/www.horisontmagasin.se\/2025\/11\/05\/ministern-om-farjepriserna-inga-atgarder-behover-vidtas\/\" rel=\"nofollow noopener\" target=\"_blank\"><strong>Ministern: Inga fler \u00e5tg\u00e4rder beh\u00f6vs<\/strong> <\/a>(Horisont 5 november 2025)<\/p>\n<p><a href=\"https:\/\/www.horisontmagasin.se\/2025\/10\/17\/nytt-forum-ska-satta-fokus-pa-farjepriser\/\" rel=\"nofollow noopener\" target=\"_blank\"><strong>Nytt forum ska s\u00e4tta fokus p\u00e5 f\u00e4rjepriser<\/strong> <\/a>(Horisont 17 oktober 2025)<\/p>\n<p><a href=\"https:\/\/www.horisontmagasin.se\/2025\/10\/15\/farjepriserna-maste-vi-arbeta-med-dagligen\/\" rel=\"nofollow noopener\" target=\"_blank\"><strong>\u201dF\u00e4rjepriserna m\u00e5ste vi arbeta med dagligen\u201d<\/strong><\/a> (Horisont 15 oktober 2025)<\/p>\n<p><a href=\"https:\/\/www.horisontmagasin.se\/2025\/10\/10\/det-ar-staten-som-satter-priset\/\" rel=\"nofollow noopener\" target=\"_blank\"><strong>\u201dDet \u00e4r staten som s\u00e4tter priset\u201d<\/strong><\/a> (Horisont 10 oktober 2025)<\/p>\n<p><a href=\"https:\/\/www.horisontmagasin.se\/2025\/10\/07\/stor-uppslutning-mot-hoga-farjepriser\/\" rel=\"nofollow noopener\" target=\"_blank\"><strong>\u00d6ver tusen ljus mot h\u00f6ga f\u00e4rjepriser<\/strong> <\/a>(Horisont 7 oktober 2025)<\/p>\n<p><a href=\"https:\/\/www.horisontmagasin.se\/2025\/10\/07\/marlene-har-fatt-nog-av-farjepriserna\/\" rel=\"nofollow noopener\" target=\"_blank\"><strong>Hon har f\u00e5tt nog \u2013 manifesterar mot h\u00f6ga f\u00e4rjepriser<\/strong> <\/a>(Horisont 7 oktober 2025)<\/p>\n<p><a href=\"https:\/\/www.horisontmagasin.se\/2025\/09\/08\/inte-samma-villkor-som-resten-av-sverige\/\" rel=\"nofollow noopener\" target=\"_blank\"><strong>\u201dInte samma villkor som resten av Sverige\u201d<\/strong> <\/a>(Horisont 8 september 2025)<\/p>\n<p>\u2014 \u2014 \u2014<\/p>\n<p><a style=\"color: #008000\" href=\"https:\/\/sub.unseald.com\/checkout\/horisontmagasin_se\" rel=\"nofollow noopener\" target=\"_blank\"><b>PRENUMERERA<\/b><\/a>\u00a0f\u00f6r att f\u00e5 tillg\u00e5ng till Horisont magasin och allt premiummaterial p\u00e5 sajten.<\/p>\n<p>\u2014 \u2014 \u2014<\/p>\n<p><a style=\"color: #008000\" href=\"https:\/\/gansub.com\/s\/yOCsZ0O6J8LckzvxW\/\" rel=\"nofollow noopener\" target=\"_blank\"><b>HORISONTS NYHETSBREV<\/b><\/a>\u00a0skickas ut helt gratis varje vardagsmorgon med en sammanfattning av de senaste Gotlandsnyheterna. Registrera dig via l\u00e4nken.<\/p>\n","protected":false},"excerpt":{"rendered":"Centerpartiet g\u00e5r nu vidare med initiativet att halvera f\u00e4rjepriserna. I m\u00e5ndags presenterade partiledningen ett utkast i samband med&hellip;\n","protected":false},"author":2,"featured_media":116775,"comment_status":"","ping_status":"","sticky":false,"template":"","format":"standard","meta":{"footnotes":""},"categories":[5],"tags":[22,23,1983,11985,26,27,17,21,12562,24,25,28,29,15,16,18,34,31,33,32,30,19,20,12563],"class_list":{"0":"post-116774","1":"post","2":"type-post","3":"status-publish","4":"format-standard","5":"has-post-thumbnail","7":"category-rubriker","8":"tag-breaking-news","9":"tag-breakingnews","10":"tag-centerpartiet","11":"tag-farjepriser","12":"tag-featured-news","13":"tag-featurednews","14":"tag-headlines","15":"tag-huvudnyheter","16":"tag-lars-thomsson","17":"tag-latest-news","18":"tag-latestnews","19":"tag-main-news","20":"tag-mainnews","21":"tag-news","22":"tag-nyheter","23":"tag-rubriker","24":"tag-se","25":"tag-svenska","26":"tag-sverige","27":"tag-sweden","28":"tag-swedish","29":"tag-top-stories","30":"tag-topstories","31":"tag-trafikutskottet"},"share_on_mastodon":{"url":"https:\/\/pubeurope.com\/@se\/115781468602008391","error":""},"_links":{"self":[{"href":"https:\/\/www.europesays.com\/se\/wp-json\/wp\/v2\/posts\/116774","targetHints":{"allow":["GET"]}}],"collection":[{"href":"https:\/\/www.europesays.com\/se\/wp-json\/wp\/v2\/posts"}],"about":[{"href":"https:\/\/www.europesays.com\/se\/wp-json\/wp\/v2\/types\/post"}],"author":[{"embeddable":true,"href":"https:\/\/www.europesays.com\/se\/wp-json\/wp\/v2\/users\/2"}],"replies":[{"embeddable":true,"href":"https:\/\/www.europesays.com\/se\/wp-json\/wp\/v2\/comments?post=116774"}],"version-history":[{"count":0,"href":"https:\/\/www.europesays.com\/se\/wp-json\/wp\/v2\/posts\/116774\/revisions"}],"wp:featuredmedia":[{"embeddable":true,"href":"https:\/\/www.europesays.com\/se\/wp-json\/wp\/v2\/media\/116775"}],"wp:attachment":[{"href":"https:\/\/www.europesays.com\/se\/wp-json\/wp\/v2\/media?parent=116774"}],"wp:term":[{"taxonomy":"category","embeddable":true,"href":"https:\/\/www.europesays.com\/se\/wp-json\/wp\/v2\/categories?post=116774"},{"taxonomy":"post_tag","embeddable":true,"href":"https:\/\/www.europesays.com\/se\/wp-json\/wp\/v2\/tags?post=116774"}],"curies":[{"name":"wp","href":"https:\/\/api.w.org\/{rel}","templated":true}]}}