{"id":116793,"date":"2025-12-25T18:03:12","date_gmt":"2025-12-25T18:03:12","guid":{"rendered":"https:\/\/www.europesays.com\/se\/116793\/"},"modified":"2025-12-25T18:03:12","modified_gmt":"2025-12-25T18:03:12","slug":"sacko-praktiserar-som-social-tjanstehund-i-skelleftea","status":"publish","type":"post","link":"https:\/\/www.europesays.com\/se\/116793\/","title":{"rendered":"Sacko praktiserar som social tj\u00e4nstehund i Skellefte\u00e5"},"content":{"rendered":"<p>N\u00e4r samtalen l\u00e5ser sig och \u00e5ngesten tar \u00f6ver tar terapeuten Annette Lindgren hj\u00e4lp av Sacko f\u00f6r att g\u00f6ra det l\u00e4ttare att prata om stress, \u00e5ngest och utmaningar i relationen.I terapirummet i centrala Skellefte\u00e5 finns nu labradorvalpen som \u00e4r under utbildning till social tj\u00e4nstehund. Hans uppgift kan exempelvis vara att f\u00e5 m\u00e4nniskor att slappna av och v\u00e5ga b\u00f6rja prata.D<\/p>\n","protected":false},"excerpt":{"rendered":"N\u00e4r samtalen l\u00e5ser sig och \u00e5ngesten tar \u00f6ver tar terapeuten Annette Lindgren hj\u00e4lp av Sacko f\u00f6r att g\u00f6ra&hellip;\n","protected":false},"author":2,"featured_media":116794,"comment_status":"","ping_status":"","sticky":false,"template":"","format":"standard","meta":{"footnotes":""},"categories":[12],"tags":[22,23,26,27,17,21,24,25,28,29,15,16,18,34,31,33,32,30,19,20],"class_list":{"0":"post-116793","1":"post","2":"type-post","3":"status-publish","4":"format-standard","5":"has-post-thumbnail","7":"category-sverige","8":"tag-breaking-news","9":"tag-breakingnews","10":"tag-featured-news","11":"tag-featurednews","12":"tag-headlines","13":"tag-huvudnyheter","14":"tag-latest-news","15":"tag-latestnews","16":"tag-main-news","17":"tag-mainnews","18":"tag-news","19":"tag-nyheter","20":"tag-rubriker","21":"tag-se","22":"tag-svenska","23":"tag-sverige","24":"tag-sweden","25":"tag-swedish","26":"tag-top-stories","27":"tag-topstories"},"share_on_mastodon":{"url":"https:\/\/pubeurope.com\/@se\/115781527524832901","error":""},"_links":{"self":[{"href":"https:\/\/www.europesays.com\/se\/wp-json\/wp\/v2\/posts\/116793","targetHints":{"allow":["GET"]}}],"collection":[{"href":"https:\/\/www.europesays.com\/se\/wp-json\/wp\/v2\/posts"}],"about":[{"href":"https:\/\/www.europesays.com\/se\/wp-json\/wp\/v2\/types\/post"}],"author":[{"embeddable":true,"href":"https:\/\/www.europesays.com\/se\/wp-json\/wp\/v2\/users\/2"}],"replies":[{"embeddable":true,"href":"https:\/\/www.europesays.com\/se\/wp-json\/wp\/v2\/comments?post=116793"}],"version-history":[{"count":0,"href":"https:\/\/www.europesays.com\/se\/wp-json\/wp\/v2\/posts\/116793\/revisions"}],"wp:featuredmedia":[{"embeddable":true,"href":"https:\/\/www.europesays.com\/se\/wp-json\/wp\/v2\/media\/116794"}],"wp:attachment":[{"href":"https:\/\/www.europesays.com\/se\/wp-json\/wp\/v2\/media?parent=116793"}],"wp:term":[{"taxonomy":"category","embeddable":true,"href":"https:\/\/www.europesays.com\/se\/wp-json\/wp\/v2\/categories?post=116793"},{"taxonomy":"post_tag","embeddable":true,"href":"https:\/\/www.europesays.com\/se\/wp-json\/wp\/v2\/tags?post=116793"}],"curies":[{"name":"wp","href":"https:\/\/api.w.org\/{rel}","templated":true}]}}