{"id":116801,"date":"2025-12-25T18:09:07","date_gmt":"2025-12-25T18:09:07","guid":{"rendered":"https:\/\/www.europesays.com\/se\/116801\/"},"modified":"2025-12-25T18:09:07","modified_gmt":"2025-12-25T18:09:07","slug":"allt-du-behover-veta-billigare-mat-sankt-skatt","status":"publish","type":"post","link":"https:\/\/www.europesays.com\/se\/116801\/","title":{"rendered":"Allt du beh\u00f6ver veta \u2022 Billigare mat \u2022\u00a0S\u00e4nkt skatt"},"content":{"rendered":"<p>Publicerad 25 dec 2025 kl 18.55<\/p>\n<p>S\u00e4nkt skatt p\u00e5 mat, arbete och el.<\/p>\n<p>S\u00e5 p\u00e5verkas din pl\u00e5nbok av nya lagar som inf\u00f6rs 2026.<\/p>\n<p><img   alt=\"\"\/><\/p>\n<p>Fr\u00e5n april ska det bli m\u00f6jligt att l\u00e5na mer pengar till ett bostadsk\u00f6p.<\/p>\n<p>Foto: Amanda Lindgren \/ TT NYHETSBYR\u00c5N<\/p>\n<p>\u00d6ppna bild i helsk\u00e4rm<img loading=\"lazy\"   alt=\"\"\/><\/p>\n<p>Elskatten s\u00e4nks.<\/p>\n<p>Foto: Cornelia J\u00f6nsson \/ TT NYHETSBYR\u00c5N<\/p>\n<p>\u00d6ppna bild i helsk\u00e4rm<img loading=\"lazy\"   alt=\"\"\/><\/p>\n<p>Matmomsen kommer att s\u00e4nkas tillf\u00e4lligt.<\/p>\n<p>Foto: Adam Ihse\/TT<\/p>\n<p>\u00d6ppna bild i helsk\u00e4rm<\/p>\n<p>Under 2026 \u00e4ndras flera nya lagar som kan p\u00e5verka din privatekonomi.<\/p>\n<p>Jobbskatteavdraget <a href=\"https:\/\/www.expressen.se\/nyheter\/politik\/uppgifter-regeringen-infor-nytt-jobbskatteavdrag\/\" rel=\"nofollow noopener\" target=\"_blank\">ut\u00f6kas vid \u00e5rsskiftet<\/a>. Med en \u00e5rsinkomst p\u00e5 300 000 kronor inneb\u00e4r det 150 kronor extra i m\u00e5naden. Den som tj\u00e4nar 500 000 kronor eller mer per \u00e5r f\u00e5r omkring 400 kronor mer i m\u00e5naden, rapporterar <a href=\"https:\/\/www.svt.se\/nyheter\/inrikes\/svt-erfar-sa-mycket-sanks-din-skatt-nasta-ar\" rel=\"nofollow noopener\" target=\"_blank\">SVT<\/a>.<\/p>\n<p>Den 1 april <a href=\"https:\/\/www.expressen.se\/nyheter\/politik\/regeringen-haller-presstraff\/\" rel=\"nofollow noopener\" target=\"_blank\">s\u00e4nks sedan matmomsen<\/a>, fr\u00e5n 12 till 6 procent. Halveringen \u00e4r tillf\u00e4llig och g\u00e4ller 2027 ut.\u00a0<\/p>\n<p>Ocks\u00e5 <a href=\"https:\/\/www.expressen.se\/nyheter\/politik\/regeringen-haller-presstraff-aslzm\/\" rel=\"nofollow noopener\" target=\"_blank\">arbetsgivaravgifterna f\u00f6r unga<\/a> mellan 18 och 23 \u00e5r s\u00e4nks med en tredjedel fr\u00e5n april.\u00a0<\/p>\n<p>F\u00f6r den som sparar pengar p\u00e5 ISK-konto eller i kapitalf\u00f6rs\u00e4kring h\u00f6js niv\u00e5n f\u00f6r skattefritt sparande vid \u00e5rsskiftet. Niv\u00e5n hamnar nu p\u00e5 300 000 kronor innan man b\u00f6rjar skatta p\u00e5 pengarna, j\u00e4mf\u00f6rt med 150 000 i dag.<\/p>\n<p>Nya regler f\u00f6r bol\u00e5n<\/p>\n<p>Det tillf\u00e4lligt h\u00f6jda rotavdraget, som legat p\u00e5 50 procent, slopas. Nu kan man \u00e5terigen f\u00e5 avdrag f\u00f6r 30 procent av arbetskostnaden.<\/p>\n<p><a href=\"https:\/\/www.expressen.se\/nyheter\/expressen-direkt\/?post=60ed3d57-2dc3-4474-9ec3-109f1e96229e\" rel=\"nofollow noopener\" target=\"_blank\">Skatten p\u00e5 el s\u00e4nks<\/a> den 1 januari fr\u00e5n 43,9 \u00f6re per kilowattimme till 36 \u00f6re. Enligt regeringen kommer elkostnaden f\u00f6r ett icke eluppv\u00e4rmt hus minska med 1 000 kronor per \u00e5r.<\/p>\n<p>Den 1 april <a href=\"https:\/\/www.expressen.se\/nyheter\/politik\/nya-regler-for-bolan-2026-det-har-galler-nu\" rel=\"nofollow noopener\" target=\"_blank\">g\u00f6rs reglerna f\u00f6r bol\u00e5n om<\/a>. D\u00e5 blir det m\u00f6jligt att l\u00e5na till 90 procent av bostadens v\u00e4rde i st\u00e4llet f\u00f6r 85 procent, vilket inneb\u00e4r att man inte beh\u00f6ver ha lika h\u00f6g kontantinsats. Samtidigt slopas det sk\u00e4rpta amorteringskravet.<\/p>\n<p>D\u00e4remot kommer det inte l\u00e4ngre att vara m\u00f6jligt att g\u00f6ra r\u00e4nteavdrag f\u00f6r blancol\u00e5n, det vill s\u00e4ga l\u00e5n utan s\u00e4kerhet. N\u00e4rmare sex miljoner svenskar p\u00e5verkas, uppskattar Skatteverket.<\/p>\n<p>S\u00e4nkt dansbandsmoms<\/p>\n<p>Det ska bli billigare f\u00f6r personer som fyller 67 under \u00e5ret att g\u00e5 till tandl\u00e4karen. En ny tandv\u00e5rdsers\u00e4ttning inf\u00f6rs, d\u00e4r staten kommer att st\u00e5 f\u00f6r 90 procent av kostnaden vid exempelvis rotfyllningar och lagningar.<\/p>\n<p>Pension\u00e4rer \u00f6ver 66 ska ocks\u00e5 f\u00e5 s\u00e4nkt skatt. F\u00f6r en genomsnittspension\u00e4r handlar det om omkring 150 kronor i m\u00e5naden, skriver TT.<\/p>\n<p>N\u00e4r det g\u00e4ller brott och straff sk\u00e4rps reglerna f\u00f6r villkorlig frigivning, som nu kommer kunna ske tidigast efter att ha avtj\u00e4nat tre fj\u00e4rdedelar av straffet. Tidigare har regeln varit tv\u00e5 tredjedelar.<\/p>\n<p>Fler ska ocks\u00e5 kunna avtj\u00e4na sitt straff med fotboja och det l\u00e4gsta m\u00f6jliga f\u00e4ngelsestraffet s\u00e4tts till en m\u00e5nad.<\/p>\n<p>Dansbandsfantaster kan gl\u00e4dja sig \u00e5t s\u00e4nkt moms p\u00e5 biljetter till danstillst\u00e4llningar fr\u00e5n den 1 juli. Den s\u00e5 kallade dansbandsmomsen s\u00e4nks d\u00e5 fr\u00e5n 12 till 6 procent.<\/p>\n<p>En annan f\u00f6r\u00e4ndring som blivit uppm\u00e4rksammad \u00e4r det h\u00f6jda \u00e5tervandringsbidraget. F\u00f6r att f\u00e5 fler att l\u00e4mna landet h\u00f6js det fr\u00e5n 10 000 till 350 000 kronor per person.<\/p>\n","protected":false},"excerpt":{"rendered":"Publicerad 25 dec 2025 kl 18.55 S\u00e4nkt skatt p\u00e5 mat, arbete och el. S\u00e5 p\u00e5verkas din pl\u00e5nbok av&hellip;\n","protected":false},"author":2,"featured_media":116802,"comment_status":"","ping_status":"","sticky":false,"template":"","format":"standard","meta":{"footnotes":""},"categories":[65],"tags":[72,70,71,212,34,583,31,33,32,30,1942],"class_list":{"0":"post-116801","1":"post","2":"type-post","3":"status-publish","4":"format-standard","5":"has-post-thumbnail","7":"category-ekonomi","8":"tag-business","9":"tag-economy","10":"tag-ekonomi","11":"tag-location-sverige","12":"tag-se","13":"tag-sections-politik","14":"tag-svenska","15":"tag-sverige","16":"tag-sweden","17":"tag-swedish","18":"tag-topic-lagar"},"share_on_mastodon":{"url":"https:\/\/pubeurope.com\/@se\/115781550982263552","error":""},"_links":{"self":[{"href":"https:\/\/www.europesays.com\/se\/wp-json\/wp\/v2\/posts\/116801","targetHints":{"allow":["GET"]}}],"collection":[{"href":"https:\/\/www.europesays.com\/se\/wp-json\/wp\/v2\/posts"}],"about":[{"href":"https:\/\/www.europesays.com\/se\/wp-json\/wp\/v2\/types\/post"}],"author":[{"embeddable":true,"href":"https:\/\/www.europesays.com\/se\/wp-json\/wp\/v2\/users\/2"}],"replies":[{"embeddable":true,"href":"https:\/\/www.europesays.com\/se\/wp-json\/wp\/v2\/comments?post=116801"}],"version-history":[{"count":0,"href":"https:\/\/www.europesays.com\/se\/wp-json\/wp\/v2\/posts\/116801\/revisions"}],"wp:featuredmedia":[{"embeddable":true,"href":"https:\/\/www.europesays.com\/se\/wp-json\/wp\/v2\/media\/116802"}],"wp:attachment":[{"href":"https:\/\/www.europesays.com\/se\/wp-json\/wp\/v2\/media?parent=116801"}],"wp:term":[{"taxonomy":"category","embeddable":true,"href":"https:\/\/www.europesays.com\/se\/wp-json\/wp\/v2\/categories?post=116801"},{"taxonomy":"post_tag","embeddable":true,"href":"https:\/\/www.europesays.com\/se\/wp-json\/wp\/v2\/tags?post=116801"}],"curies":[{"name":"wp","href":"https:\/\/api.w.org\/{rel}","templated":true}]}}