{"id":116811,"date":"2025-12-25T18:28:09","date_gmt":"2025-12-25T18:28:09","guid":{"rendered":"https:\/\/www.europesays.com\/se\/116811\/"},"modified":"2025-12-25T18:28:09","modified_gmt":"2025-12-25T18:28:09","slug":"fallande-kokainpris-tvingar-smugglarna-att-tanka-om-ateranvander-ubatar","status":"publish","type":"post","link":"https:\/\/www.europesays.com\/se\/116811\/","title":{"rendered":"Fallande kokainpris tvingar smugglarna att t\u00e4nka om \u2013 \u00e5teranv\u00e4nder ub\u00e5tar"},"content":{"rendered":"<p>De senaste \u00e5ren har priset p\u00e5 kokain st\u00f6rtdykt. I grossistled har kilopriset halverats till omkring 160 000 kronor. Det f\u00e5r konsekvenser f\u00f6r de kriminella n\u00e4tverken.<\/p>\n<p>Tidigare var smuggelub\u00e5tarnas livsl\u00e4ngd bara en resa fr\u00e5n Sydamerika till Europa innan de s\u00e4nktes n\u00e5gonstans mellan Azorerna och Kanarie\u00f6arna. Spansk polis har inte lokaliserat platsen, men har uppgifter om ett slags djuphavskyrkog\u00e5rd i \u00f6stra Atlanten.<\/p>\n<p>\u2013 \u00c4ven om vi k\u00e4nde till platsen skulle det vara n\u00e4stan om\u00f6jligt att b\u00e4rga dem p\u00e5 grund av djupet. Fiskarna f\u00e5r njuta av dem, s\u00e4ger Alberto Morales.<\/p>\n<p><strong>Men farkosterna \u00e4r inte gratis<\/strong> och smugglarna har d\u00e4rf\u00f6r beh\u00f6vt anpassa sig efter den nya marknaden.<\/p>\n<p>\u2013\u00a0F\u00f6rr gjorde priset p\u00e5 varorna i relation till priset p\u00e5 ub\u00e5tarna att det fortfarande var v\u00e4rt det. De kunde frakta minst tre\u2013fyra ton, s\u00e5 det var v\u00e4ldigt l\u00f6nsamt, s\u00e4ger Morales.<\/p>\n<p>          <img decoding=\"async\" class=\"picture__img\" src=\"https:\/\/www.europesays.com\/se\/wp-content\/uploads\/2025\/12\/bd9ee030-c2c9-4758-b942-421c3da7a58f.jpeg\"   alt=\"Spanska myndigheter omh\u00e4ndertog 2019 en sjunken ub\u00e5t som misst\u00e4nks ha anv\u00e4nts f\u00f6r att frakta narkotika.\"\/><\/p>\n<p>      Spanska myndigheter omh\u00e4ndertog 2019 en sjunken ub\u00e5t som misst\u00e4nks ha anv\u00e4nts f\u00f6r att frakta narkotika.<\/p>\n<p>      Foto: Marta Vazquez Rodriguez\/AP<\/p>\n<p>Ub\u00e5tarna kostar runt 6,5 miljoner kronor att tillverka, enligt polisen. F\u00f6r att f\u00e5 ut det mesta av investeringen misst\u00e4nker polisen att smugglarna har skapat s\u00e4rskilda tankningsplattformar till havs, d\u00e4r farkosterna fylls p\u00e5 med br\u00e4nsle f\u00f6r att kunna frakta nya partier.<\/p>\n<p><strong>I Syd- och Centralamerika<\/strong> har ub\u00e5tarna anv\u00e4nts f\u00f6r smuggling sedan 1980-talet. 2006 uppt\u00e4ckes en av dem f\u00f6r f\u00f6rsta g\u00e5ngen i europeiska vatten. En \u00f6vergiven ub\u00e5t hittades d\u00e5 i en flodmynning i nordv\u00e4stra Spanien.<\/p>\n<p>Spansk polis har siktat eller beslagtagit tio ub\u00e5tar de senaste tv\u00e5 \u00e5rtiondena, men m\u00f6rkertalet tros vara stort.<\/p>\n<p>Myndigheten bed\u00f6mer ocks\u00e5 att ub\u00e5tsaktiviteten l\u00e4ngs landets 800 mil l\u00e5nga kust har \u00f6kat de senaste tv\u00e5 \u00e5ren, samtidigt som det blivit mindre vanligt att narkotika smugglas med segelb\u00e5t.<\/p>\n<p>F\u00f6rra \u00e5ret beslagtogs 123 ton kokain i Spanien.<\/p>\n","protected":false},"excerpt":{"rendered":"De senaste \u00e5ren har priset p\u00e5 kokain st\u00f6rtdykt. I grossistled har kilopriset halverats till omkring 160 000 kronor.&hellip;\n","protected":false},"author":2,"featured_media":116812,"comment_status":"","ping_status":"","sticky":false,"template":"","format":"standard","meta":{"footnotes":""},"categories":[14],"tags":[22,23,26,27,17,21,24,25,28,29,15,16,18,34,31,33,32,30,19,20,51,52,53,54],"class_list":{"0":"post-116811","1":"post","2":"type-post","3":"status-publish","4":"format-standard","5":"has-post-thumbnail","7":"category-varlden","8":"tag-breaking-news","9":"tag-breakingnews","10":"tag-featured-news","11":"tag-featurednews","12":"tag-headlines","13":"tag-huvudnyheter","14":"tag-latest-news","15":"tag-latestnews","16":"tag-main-news","17":"tag-mainnews","18":"tag-news","19":"tag-nyheter","20":"tag-rubriker","21":"tag-se","22":"tag-svenska","23":"tag-sverige","24":"tag-sweden","25":"tag-swedish","26":"tag-top-stories","27":"tag-topstories","28":"tag-varlden","29":"tag-world","30":"tag-world-news","31":"tag-worldnews"},"share_on_mastodon":{"url":"https:\/\/pubeurope.com\/@se\/115781626050788899","error":""},"_links":{"self":[{"href":"https:\/\/www.europesays.com\/se\/wp-json\/wp\/v2\/posts\/116811","targetHints":{"allow":["GET"]}}],"collection":[{"href":"https:\/\/www.europesays.com\/se\/wp-json\/wp\/v2\/posts"}],"about":[{"href":"https:\/\/www.europesays.com\/se\/wp-json\/wp\/v2\/types\/post"}],"author":[{"embeddable":true,"href":"https:\/\/www.europesays.com\/se\/wp-json\/wp\/v2\/users\/2"}],"replies":[{"embeddable":true,"href":"https:\/\/www.europesays.com\/se\/wp-json\/wp\/v2\/comments?post=116811"}],"version-history":[{"count":0,"href":"https:\/\/www.europesays.com\/se\/wp-json\/wp\/v2\/posts\/116811\/revisions"}],"wp:featuredmedia":[{"embeddable":true,"href":"https:\/\/www.europesays.com\/se\/wp-json\/wp\/v2\/media\/116812"}],"wp:attachment":[{"href":"https:\/\/www.europesays.com\/se\/wp-json\/wp\/v2\/media?parent=116811"}],"wp:term":[{"taxonomy":"category","embeddable":true,"href":"https:\/\/www.europesays.com\/se\/wp-json\/wp\/v2\/categories?post=116811"},{"taxonomy":"post_tag","embeddable":true,"href":"https:\/\/www.europesays.com\/se\/wp-json\/wp\/v2\/tags?post=116811"}],"curies":[{"name":"wp","href":"https:\/\/api.w.org\/{rel}","templated":true}]}}