{"id":116813,"date":"2025-12-25T18:29:22","date_gmt":"2025-12-25T18:29:22","guid":{"rendered":"https:\/\/www.europesays.com\/se\/116813\/"},"modified":"2025-12-25T18:29:22","modified_gmt":"2025-12-25T18:29:22","slug":"snart-startar-bygget-med-nytt-seniorkvarter","status":"publish","type":"post","link":"https:\/\/www.europesays.com\/se\/116813\/","title":{"rendered":"Snart startar bygget med nytt seniorkvarter"},"content":{"rendered":"<p class=\"text\">H\u00e4gerneholm <\/p>\n<p class=\"text\">Under b\u00f6rjan av 2026 startar arbetet med det nya seniorkvarteret i H\u00e4gerneholm. P\u00e5 platsen ska v\u00e5rd och omsorgsboende, trygghetsbost\u00e4der och seniorboende uppf\u00f6ras.<\/p>\n<p class=\"text\">D\u00e5 Tibblehemmet l\u00e4gger ner, har projektet ut\u00f6kats med 30 extra \u00e4ldreboendeplatser, ber\u00e4ttar Sehlhall som \u00e4r byggherre.  <\/p>\n<p>Inspireras av demensbyar <\/p>\n<p class=\"text\">Det ska \u00e4ven byggas gemensamhetsytor och aktiviteter som bryter social isolering. Men \u00e4ven boendel\u00f6sningar som uppmuntrar till flyttkedjor i n\u00e4rmilj\u00f6n allteftersom omsorgsbehov f\u00f6r\u00e4ndras.<\/p>\n<p class=\"text\">Vardaga omsorg ska driva verksamheten. Men Sehlhall har tidigare sagt till Mitt i att de har h\u00f6ga ambitioner med seniorkvarteret och att de har tagit inspiration fr\u00e5n s\u00e5 kallade demensbyar i landet. <\/p>\n","protected":false},"excerpt":{"rendered":"H\u00e4gerneholm Under b\u00f6rjan av 2026 startar arbetet med det nya seniorkvarteret i H\u00e4gerneholm. P\u00e5 platsen ska v\u00e5rd och&hellip;\n","protected":false},"author":2,"featured_media":116814,"comment_status":"","ping_status":"","sticky":false,"template":"","format":"standard","meta":{"footnotes":""},"categories":[12],"tags":[22,23,26,27,17,21,24,25,28,29,15,16,18,34,31,33,32,30,19,20],"class_list":{"0":"post-116813","1":"post","2":"type-post","3":"status-publish","4":"format-standard","5":"has-post-thumbnail","7":"category-sverige","8":"tag-breaking-news","9":"tag-breakingnews","10":"tag-featured-news","11":"tag-featurednews","12":"tag-headlines","13":"tag-huvudnyheter","14":"tag-latest-news","15":"tag-latestnews","16":"tag-main-news","17":"tag-mainnews","18":"tag-news","19":"tag-nyheter","20":"tag-rubriker","21":"tag-se","22":"tag-svenska","23":"tag-sverige","24":"tag-sweden","25":"tag-swedish","26":"tag-top-stories","27":"tag-topstories"},"share_on_mastodon":{"url":"https:\/\/pubeurope.com\/@se\/115781629704839639","error":""},"_links":{"self":[{"href":"https:\/\/www.europesays.com\/se\/wp-json\/wp\/v2\/posts\/116813","targetHints":{"allow":["GET"]}}],"collection":[{"href":"https:\/\/www.europesays.com\/se\/wp-json\/wp\/v2\/posts"}],"about":[{"href":"https:\/\/www.europesays.com\/se\/wp-json\/wp\/v2\/types\/post"}],"author":[{"embeddable":true,"href":"https:\/\/www.europesays.com\/se\/wp-json\/wp\/v2\/users\/2"}],"replies":[{"embeddable":true,"href":"https:\/\/www.europesays.com\/se\/wp-json\/wp\/v2\/comments?post=116813"}],"version-history":[{"count":0,"href":"https:\/\/www.europesays.com\/se\/wp-json\/wp\/v2\/posts\/116813\/revisions"}],"wp:featuredmedia":[{"embeddable":true,"href":"https:\/\/www.europesays.com\/se\/wp-json\/wp\/v2\/media\/116814"}],"wp:attachment":[{"href":"https:\/\/www.europesays.com\/se\/wp-json\/wp\/v2\/media?parent=116813"}],"wp:term":[{"taxonomy":"category","embeddable":true,"href":"https:\/\/www.europesays.com\/se\/wp-json\/wp\/v2\/categories?post=116813"},{"taxonomy":"post_tag","embeddable":true,"href":"https:\/\/www.europesays.com\/se\/wp-json\/wp\/v2\/tags?post=116813"}],"curies":[{"name":"wp","href":"https:\/\/api.w.org\/{rel}","templated":true}]}}