{"id":116815,"date":"2025-12-25T18:34:08","date_gmt":"2025-12-25T18:34:08","guid":{"rendered":"https:\/\/www.europesays.com\/se\/116815\/"},"modified":"2025-12-25T18:34:08","modified_gmt":"2025-12-25T18:34:08","slug":"sa-manga-siriussupportrar-aker-till-zinken","status":"publish","type":"post","link":"https:\/\/www.europesays.com\/se\/116815\/","title":{"rendered":"S\u00e5 m\u00e5nga Siriussupportrar \u00e5ker till Zinken"},"content":{"rendered":"<p>Nu n\u00e4r m\u00e5nga lag spelar inomhus med begr\u00e4nsad publikkapacitet \u00e4r Hammarby mot Sirius den publikm\u00e4ssigt st\u00f6rsta matchen \u2013 och det kan bli en hel del Siriusfans p\u00e5 Zinken.\u2013 Det kan definitivt bli mer \u00e4n 200 personer, s\u00e4ger William Nordstrand och trycker lite extra p\u00e5 ordet mer.F\u00f6rutom tv\u00e5 fulla supporterbussar brukar det vara m\u00e5nga som tar sig till Zinkensdamms IP p\u00e5 eg<\/p>\n","protected":false},"excerpt":{"rendered":"Nu n\u00e4r m\u00e5nga lag spelar inomhus med begr\u00e4nsad publikkapacitet \u00e4r Hammarby mot Sirius den publikm\u00e4ssigt st\u00f6rsta matchen \u2013&hellip;\n","protected":false},"author":2,"featured_media":116816,"comment_status":"","ping_status":"","sticky":false,"template":"","format":"standard","meta":{"footnotes":""},"categories":[68],"tags":[34,111,110,31,33,32,30],"class_list":{"0":"post-116815","1":"post","2":"type-post","3":"status-publish","4":"format-standard","5":"has-post-thumbnail","7":"category-sport","8":"tag-se","9":"tag-sport","10":"tag-sports","11":"tag-svenska","12":"tag-sverige","13":"tag-sweden","14":"tag-swedish"},"share_on_mastodon":{"url":"https:\/\/pubeurope.com\/@se\/115781649165088782","error":""},"_links":{"self":[{"href":"https:\/\/www.europesays.com\/se\/wp-json\/wp\/v2\/posts\/116815","targetHints":{"allow":["GET"]}}],"collection":[{"href":"https:\/\/www.europesays.com\/se\/wp-json\/wp\/v2\/posts"}],"about":[{"href":"https:\/\/www.europesays.com\/se\/wp-json\/wp\/v2\/types\/post"}],"author":[{"embeddable":true,"href":"https:\/\/www.europesays.com\/se\/wp-json\/wp\/v2\/users\/2"}],"replies":[{"embeddable":true,"href":"https:\/\/www.europesays.com\/se\/wp-json\/wp\/v2\/comments?post=116815"}],"version-history":[{"count":0,"href":"https:\/\/www.europesays.com\/se\/wp-json\/wp\/v2\/posts\/116815\/revisions"}],"wp:featuredmedia":[{"embeddable":true,"href":"https:\/\/www.europesays.com\/se\/wp-json\/wp\/v2\/media\/116816"}],"wp:attachment":[{"href":"https:\/\/www.europesays.com\/se\/wp-json\/wp\/v2\/media?parent=116815"}],"wp:term":[{"taxonomy":"category","embeddable":true,"href":"https:\/\/www.europesays.com\/se\/wp-json\/wp\/v2\/categories?post=116815"},{"taxonomy":"post_tag","embeddable":true,"href":"https:\/\/www.europesays.com\/se\/wp-json\/wp\/v2\/tags?post=116815"}],"curies":[{"name":"wp","href":"https:\/\/api.w.org\/{rel}","templated":true}]}}