{"id":116821,"date":"2025-12-25T18:50:16","date_gmt":"2025-12-25T18:50:16","guid":{"rendered":"https:\/\/www.europesays.com\/se\/116821\/"},"modified":"2025-12-25T18:50:16","modified_gmt":"2025-12-25T18:50:16","slug":"gor-det-lonsamt-att-placera-langsiktigt-skriver-mats-lagerqvist","status":"publish","type":"post","link":"https:\/\/www.europesays.com\/se\/116821\/","title":{"rendered":"G\u00f6r det l\u00f6nsamt att placera l\u00e5ngsiktigt, skriver Mats Lagerqvist"},"content":{"rendered":"<p>Det h\u00e4r \u00e4r en argumenterande text med syfte att p\u00e5verka. \u00c5sikterna som uttrycks \u00e4r skribentens egna.<\/p>\n<p><strong>Det har aldrig <\/strong>varit enklare att investera snabbt, men f\u00e5 delar av systemet uppmuntrar till l\u00e5ngsiktigt sparande. Appar, automatiserade plattformar och AI-drivna rekommendationer g\u00f6r det m\u00f6jligt att k\u00f6pa och s\u00e4lja med n\u00e5gra snabba tryck i mobilen. D\u00e4remot finns det f\u00e5 tydliga incitament som bel\u00f6nar den som l\u00e5ter kapitalet ligga still och v\u00e4xa \u00f6ver tid. Resultatet \u00e4r att svenska pensionspengar riskerar att styras mer av impulser \u00e4n av eftertanke. D\u00e4rf\u00f6r b\u00f6r regeringen inf\u00f6ra ett framtidsavdrag \u2013 ett modernt, skattegynnat incitament f\u00f6r l\u00e5ngsiktigt pensionssparande.\u00a0<\/p>\n","protected":false},"excerpt":{"rendered":"Det h\u00e4r \u00e4r en argumenterande text med syfte att p\u00e5verka. \u00c5sikterna som uttrycks \u00e4r skribentens egna. Det har&hellip;\n","protected":false},"author":2,"featured_media":116822,"comment_status":"","ping_status":"","sticky":false,"template":"","format":"standard","meta":{"footnotes":""},"categories":[5],"tags":[22,23,26,27,17,21,24,25,28,29,15,16,18,34,31,33,32,30,19,20],"class_list":{"0":"post-116821","1":"post","2":"type-post","3":"status-publish","4":"format-standard","5":"has-post-thumbnail","7":"category-rubriker","8":"tag-breaking-news","9":"tag-breakingnews","10":"tag-featured-news","11":"tag-featurednews","12":"tag-headlines","13":"tag-huvudnyheter","14":"tag-latest-news","15":"tag-latestnews","16":"tag-main-news","17":"tag-mainnews","18":"tag-news","19":"tag-nyheter","20":"tag-rubriker","21":"tag-se","22":"tag-svenska","23":"tag-sverige","24":"tag-sweden","25":"tag-swedish","26":"tag-top-stories","27":"tag-topstories"},"share_on_mastodon":{"url":"https:\/\/pubeurope.com\/@se\/115781712167242940","error":""},"_links":{"self":[{"href":"https:\/\/www.europesays.com\/se\/wp-json\/wp\/v2\/posts\/116821","targetHints":{"allow":["GET"]}}],"collection":[{"href":"https:\/\/www.europesays.com\/se\/wp-json\/wp\/v2\/posts"}],"about":[{"href":"https:\/\/www.europesays.com\/se\/wp-json\/wp\/v2\/types\/post"}],"author":[{"embeddable":true,"href":"https:\/\/www.europesays.com\/se\/wp-json\/wp\/v2\/users\/2"}],"replies":[{"embeddable":true,"href":"https:\/\/www.europesays.com\/se\/wp-json\/wp\/v2\/comments?post=116821"}],"version-history":[{"count":0,"href":"https:\/\/www.europesays.com\/se\/wp-json\/wp\/v2\/posts\/116821\/revisions"}],"wp:featuredmedia":[{"embeddable":true,"href":"https:\/\/www.europesays.com\/se\/wp-json\/wp\/v2\/media\/116822"}],"wp:attachment":[{"href":"https:\/\/www.europesays.com\/se\/wp-json\/wp\/v2\/media?parent=116821"}],"wp:term":[{"taxonomy":"category","embeddable":true,"href":"https:\/\/www.europesays.com\/se\/wp-json\/wp\/v2\/categories?post=116821"},{"taxonomy":"post_tag","embeddable":true,"href":"https:\/\/www.europesays.com\/se\/wp-json\/wp\/v2\/tags?post=116821"}],"curies":[{"name":"wp","href":"https:\/\/api.w.org\/{rel}","templated":true}]}}