{"id":116825,"date":"2025-12-25T18:59:12","date_gmt":"2025-12-25T18:59:12","guid":{"rendered":"https:\/\/www.europesays.com\/se\/116825\/"},"modified":"2025-12-25T18:59:12","modified_gmt":"2025-12-25T18:59:12","slug":"krigets-vansinne-i-pavens-fokus-aftonbladet","status":"publish","type":"post","link":"https:\/\/www.europesays.com\/se\/116825\/","title":{"rendered":"&quot;Krigets vansinne\u201d i p\u00e5vens fokus &#8211; Aftonbladet"},"content":{"rendered":"<ol>\n<li><a href=\"https:\/\/news.google.com\/rss\/articles\/CBMigAFBVV95cUxOcXlURU9JNE1oU0RKVEpJZ1FuWFg4OVctTEZYVXF6UDhLVVdILVJHY25Za043dEI4UkppSUhNdTN6anROZWlPNmNsTTZGWi1wLTNGYTFvdEkzRjNZWGZjaWYxMjFjbU1xeGVucmlTdzk4UDRKSXBmSHB1b2J1QWdGNA?oc=5\" target=\"_blank\" rel=\"nofollow noopener\">&#8221;Krigets vansinne\u201d i p\u00e5vens fokus<\/a>&nbsp;&nbsp;Aftonbladet<\/li>\n<li><a href=\"https:\/\/news.google.com\/rss\/articles\/CBMijwFBVV95cUxOaFo2UG43aXg0QVYzZ0MyRF9DbmZkMTZscWJtZ0FhUFZQeW4tczI1RUVXOVFKLVE0QU9ubWJKUVUzVFpjalpvdTFQdnBMSVR0ellHTXFIRHE0TkhmWVFXV2RxZ3FJTGhmNTJoTWt6Z3pvQU1YZzVHa2gwaFN0RU9VRURhblVRQVUxUFVzSl9xQQ?oc=5\" target=\"_blank\" rel=\"nofollow noopener\">P\u00e5ve Leo talade om fattigdom under julm\u00e4ssan<\/a>&nbsp;&nbsp;Sveriges Radio<\/li>\n<li><a href=\"https:\/\/news.google.com\/rss\/articles\/CBMiQEFVX3lxTE5ucnZaT2RWSmtHNzhTYVNiM3BVNEkwUTJNN1FYQS1qOTR1NnBpa283MGVFQ1ZEQ2ZiSzFMM29BTzc?oc=5\" target=\"_blank\" rel=\"nofollow noopener\">P\u00e5ven: \u201dL\u00e5t oss be f\u00f6r dem som mist allt i Gaza och de torterade i Ukraina\u201d<\/a>&nbsp;&nbsp;Yle<\/li>\n<li><a href=\"https:\/\/news.google.com\/rss\/articles\/CBMiiAFBVV95cUxONHZPTUt2QlJTT3ZoaVkzRkhuMmRnN0pES0F0SlBJdGQ5WkgxT00tNFBjYWV4TUd1Tnh4aTRQVk1JeUNmVVlhZW1jVU43VnUxM0g5OHgwaGhJTV9Vbk91YjFyWTdiOUJKN1hYYWtuc2liamlzVzAtVndRZGM5dm93WnBIUEV5dldF?oc=5\" target=\"_blank\" rel=\"nofollow noopener\">P\u00e5ven i julpredikan: Att avvisa fattiga \u00e4r att avvisa Gud<\/a>&nbsp;&nbsp;Omni<\/li>\n<li><a href=\"https:\/\/news.google.com\/rss\/articles\/CBMickFVX3lxTE1XZVFUVkw0RGxCcXhTZUx6cGtNVjNCVjYwT2ZKYjdwdFhtTEIybUVTVWtMSkNyZ0VoYzRxd3ZPeE8xR0w2TFQwUVdBVUt4UUFqeVZYejBFNEx0MVBIUkE1cnplM25HdVo3azNpU2plWTJtUQ?oc=5\" target=\"_blank\" rel=\"nofollow noopener\">P\u00e5ve Leo v\u00e4djar om globalt eldupph\u00f6r<\/a>&nbsp;&nbsp;SvD<\/li>\n<\/ol>\n","protected":false},"excerpt":{"rendered":"&#8221;Krigets vansinne\u201d i p\u00e5vens fokus&nbsp;&nbsp;Aftonbladet P\u00e5ve Leo talade om fattigdom under julm\u00e4ssan&nbsp;&nbsp;Sveriges Radio P\u00e5ven: \u201dL\u00e5t oss be f\u00f6r&hellip;\n","protected":false},"author":2,"featured_media":116826,"comment_status":"","ping_status":"","sticky":false,"template":"","format":"standard","meta":{"footnotes":""},"categories":[5],"tags":[22,23,26,27,17,21,24,25,28,29,15,16,18,34,31,33,32,30,19,20],"class_list":{"0":"post-116825","1":"post","2":"type-post","3":"status-publish","4":"format-standard","5":"has-post-thumbnail","7":"category-rubriker","8":"tag-breaking-news","9":"tag-breakingnews","10":"tag-featured-news","11":"tag-featurednews","12":"tag-headlines","13":"tag-huvudnyheter","14":"tag-latest-news","15":"tag-latestnews","16":"tag-main-news","17":"tag-mainnews","18":"tag-news","19":"tag-nyheter","20":"tag-rubriker","21":"tag-se","22":"tag-svenska","23":"tag-sverige","24":"tag-sweden","25":"tag-swedish","26":"tag-top-stories","27":"tag-topstories"},"share_on_mastodon":{"url":"https:\/\/pubeurope.com\/@se\/115781747552040804","error":""},"_links":{"self":[{"href":"https:\/\/www.europesays.com\/se\/wp-json\/wp\/v2\/posts\/116825","targetHints":{"allow":["GET"]}}],"collection":[{"href":"https:\/\/www.europesays.com\/se\/wp-json\/wp\/v2\/posts"}],"about":[{"href":"https:\/\/www.europesays.com\/se\/wp-json\/wp\/v2\/types\/post"}],"author":[{"embeddable":true,"href":"https:\/\/www.europesays.com\/se\/wp-json\/wp\/v2\/users\/2"}],"replies":[{"embeddable":true,"href":"https:\/\/www.europesays.com\/se\/wp-json\/wp\/v2\/comments?post=116825"}],"version-history":[{"count":0,"href":"https:\/\/www.europesays.com\/se\/wp-json\/wp\/v2\/posts\/116825\/revisions"}],"wp:featuredmedia":[{"embeddable":true,"href":"https:\/\/www.europesays.com\/se\/wp-json\/wp\/v2\/media\/116826"}],"wp:attachment":[{"href":"https:\/\/www.europesays.com\/se\/wp-json\/wp\/v2\/media?parent=116825"}],"wp:term":[{"taxonomy":"category","embeddable":true,"href":"https:\/\/www.europesays.com\/se\/wp-json\/wp\/v2\/categories?post=116825"},{"taxonomy":"post_tag","embeddable":true,"href":"https:\/\/www.europesays.com\/se\/wp-json\/wp\/v2\/tags?post=116825"}],"curies":[{"name":"wp","href":"https:\/\/api.w.org\/{rel}","templated":true}]}}