{"id":116827,"date":"2025-12-25T19:04:21","date_gmt":"2025-12-25T19:04:21","guid":{"rendered":"https:\/\/www.europesays.com\/se\/116827\/"},"modified":"2025-12-25T19:04:21","modified_gmt":"2025-12-25T19:04:21","slug":"sa-ska-barndomsvannerna-fa-fler-att-svara-i-telefon-gefle-dagblad","status":"publish","type":"post","link":"https:\/\/www.europesays.com\/se\/116827\/","title":{"rendered":"S\u00e5 ska barndomsv\u00e4nnerna f\u00e5 fler att svara i telefon \u2013 Gefle Dagblad"},"content":{"rendered":"<p>N\u00e4r bedr\u00e4gerierna \u00f6kar svarar allt f\u00e4rre p\u00e5 ok\u00e4nda nummer i telefonen. Det vill barndomsv\u00e4nnerna Agnes Lindberg och Martin Carlsson \u00e4ndra p\u00e5. Genom sitt samarbete vill de f\u00e5 fler att v\u00e5ga lyfta luren.<\/p>\n<p><img loading=\"lazy\" decoding=\"async\" width=\"980\" height=\"551\" class=\"article-image article-image--featured\" alt=\"Agnes Lindberg och Martin Carlsson v\u00e4xte upp tillsammans och gick p\u00e5 S\u00f6derskolan. Nu m\u00f6ts de igen f\u00f6r att l\u00f6sa ett aktuellt problem.\" src=\"https:\/\/www.europesays.com\/se\/wp-content\/uploads\/2025\/12\/90806967-cae5-4096-a2c1-ed64a3018db7.jpg\"  \/><a class=\"article__lightbox-link\" href=\"https:\/\/static.bonniernews.se\/ba\/90806967-cae5-4096-a2c1-ed64a3018db7.jpg?crop=5366%2C3018%2Cx0%2Cy260&amp;width=1400&amp;format=pjpg&amp;auto=avif\" data-pswp-width=\"1400\" data-pswp-height=\"788\" data-pswp-caption=\"Agnes Lindberg och Martin Carlsson v\u00e4xte upp tillsammans och gick p\u00e5 S\u00f6derskolan. Nu m\u00f6ts de igen f\u00f6r att l\u00f6sa ett aktuellt problem. Bild: Angelica R\u00e4nttil\u00e4\" data-pswp- rel=\"nofollow noopener\" target=\"_blank\">\u00d6ppna bild i helsk\u00e4rmsl\u00e4ge<\/a><\/p>\n<p class=\"txt-style-muted\" aria-hidden=\"true\">Agnes Lindberg och Martin Carlsson v\u00e4xte upp tillsammans och gick p\u00e5 S\u00f6derskolan. Nu m\u00f6ts de igen f\u00f6r att l\u00f6sa ett aktuellt problem.<\/p>\n<p class=\"article__figcaption-attribution txt-style-muted\">Bild: Angelica R\u00e4nttil\u00e4<\/p>\n<p>S\u00e4ljarna p\u00e5 L\u00e4nsf\u00f6rs\u00e4kringar G\u00e4vleborg upplever ett v\u00e4xande problem: deras kunder svarar inte n\u00e4r de f\u00f6rs\u00f6ker n\u00e5 dem. Situationen \u00e4r en annan nu \u00e4n f\u00f6r bara tio \u00e5r sedan  \u2013 och g\u00e4ller alla generationer. M\u00e5nga yngre undviker generellt att prata i telefon, medan \u00e4ldre ofta \u00e4r r\u00e4dda f\u00f6r att bli lurade.<\/p>\n<p>En Sifo-unders\u00f6kning som f\u00f6retaget Truecaller gjorde i v\u00e5ras visar att sju av tio svenskar upplever oro, obehag eller irritation n\u00e4r de f\u00e5r ok\u00e4nda samtal. Samtidigt har kampanjer som Sv\u00e5rlurad gjort m\u00e5nga medvetna om  riskerna med telefonbedr\u00e4gerier.<\/p>\n<p>\u2013 \u00c4ven vi informerar om att man inte ska klicka p\u00e5 misst\u00e4nkta l\u00e4nkar eller logga in med bank-id om n\u00e5gon ringer, s\u00e5 det uppst\u00e5r ett slags moment 22 n\u00e4r vi inte kan n\u00e5 v\u00e5ra egna kunder, s\u00e4ger Martin Carlsson, aff\u00e4rsansvarig f\u00f6r trygghetstj\u00e4nster p\u00e5 L\u00e4nsf\u00f6rs\u00e4kringar G\u00e4vleborg.<\/p>\n<p aria-disabled=\"true\" class=\"ad__preamble ad-text txt-style-muted txt-ui txt-ui--strong txt-ui-2\">Annons<\/p>\n<p aria-disabled=\"true\" class=\"ad__preamble ad-text txt-style-muted txt-ui txt-ui--strong txt-ui-2\">Annons<\/p>\n<p><img decoding=\"async\" width=\"640\" height=\"427\" class=\"article-image article-image--unbound\" alt=\"Martin Carlson har alltid haft ny teknik som hobby och legat digitalt i framkant.  D\u00e4rf\u00f6r var han \u00e4ven intresserad av Truecaller.\" src=\"https:\/\/www.europesays.com\/se\/wp-content\/uploads\/2025\/12\/d7cb8001-97a6-4b54-9cd7-088bfb0569ee.jpg\"   loading=\"lazy\"\/><a class=\"article__lightbox-link\" href=\"https:\/\/static.bonniernews.se\/ba\/d7cb8001-97a6-4b54-9cd7-088bfb0569ee.jpg?width=1400&amp;format=pjpg&amp;auto=avif\" data-pswp-width=\"1400\" data-pswp-height=\"933\" data-pswp-caption=\"Martin Carlson har alltid haft ny teknik som hobby och legat digitalt i framkant.  D\u00e4rf\u00f6r var han \u00e4ven intresserad av Truecaller. Bild: Angelica R\u00e4nttil\u00e4\" data-pswp- rel=\"nofollow noopener\" target=\"_blank\">\u00d6ppna bild i helsk\u00e4rmsl\u00e4ge<\/a><\/p>\n<p class=\"txt-style-muted\" aria-hidden=\"true\">Martin Carlson har alltid haft ny teknik som hobby och legat digitalt i framkant.  D\u00e4rf\u00f6r var han \u00e4ven intresserad av Truecaller.<\/p>\n<p class=\"article__figcaption-attribution txt-style-muted\">Bild: Angelica R\u00e4nttil\u00e4<\/p>\n<p>Till sin hj\u00e4lp f\u00f6r att g\u00f6ra n\u00e5got \u00e5t saken tog han d\u00e4rf\u00f6r sin barndomsv\u00e4n Agnes Lindberg, som \u00e4r PR-chef p\u00e5 Truecaller. De gick p\u00e5 S\u00f6derskolan tillsammans och har sedan dess h\u00e5llit regelbunden kontakt. <\/p>\n<p>I dag bor Martin i Tierp och Agnes i Stockholm \u2013 men de har fortfarande starka band till hemstaden G\u00e4vle. Martin jobbar h\u00e4r, medan Agnes bes\u00f6ker sina f\u00f6r\u00e4ldrar i stan s\u00e5 ofta hon kan.<\/p>\n<p><img decoding=\"async\" width=\"640\" height=\"427\" class=\"article-image article-image--unbound\" alt=\"M\u00e5nga vet inte att Agnes Lindbergs arbetsplats Truecaller \u00e4r ett svenskt f\u00f6retag.\" src=\"https:\/\/www.europesays.com\/se\/wp-content\/uploads\/2025\/12\/783a8333-6de6-4a34-9d7c-b5952f52a0a0.jpg\"   loading=\"lazy\"\/><a class=\"article__lightbox-link\" href=\"https:\/\/static.bonniernews.se\/ba\/783a8333-6de6-4a34-9d7c-b5952f52a0a0.jpg?width=1400&amp;format=pjpg&amp;auto=avif\" data-pswp-width=\"1400\" data-pswp-height=\"933\" data-pswp-caption=\"M\u00e5nga vet inte att Agnes Lindbergs arbetsplats Truecaller \u00e4r ett svenskt f\u00f6retag. Bild: Angelica R\u00e4nttil\u00e4\" data-pswp- rel=\"nofollow noopener\" target=\"_blank\">\u00d6ppna bild i helsk\u00e4rmsl\u00e4ge<\/a><\/p>\n<p class=\"txt-style-muted\" aria-hidden=\"true\">M\u00e5nga vet inte att Agnes Lindbergs arbetsplats Truecaller \u00e4r ett svenskt f\u00f6retag.<\/p>\n<p class=\"article__figcaption-attribution txt-style-muted\">Bild: Angelica R\u00e4nttil\u00e4<\/p>\n<p>Deras v\u00e4nskap har lett till att L\u00e4nsf\u00f6rs\u00e4kringar G\u00e4vleborg blivit en av de f\u00f6rsta i landet att prova Truecallers nya f\u00f6retagstj\u00e4nst. <\/p>\n<p>Genom att de registrera sina telefonnummer i appen syns det tydligt att det verkligen \u00e4r L\u00e4nsf\u00f6rs\u00e4kringar G\u00e4vleborg som ringer hos alla kunder som anv\u00e4nder den \u2013 och inte n\u00e5gon som f\u00f6rs\u00f6ker lura dem genom att utge sig f\u00f6r att vara f\u00f6rs\u00e4kringsbolaget. Tidigare har information om vem numret tillh\u00f6r bara kunnat rapporteras av anv\u00e4ndarna.<\/p>\n<p><img decoding=\"async\" width=\"640\" height=\"427\" class=\"article-image article-image--unbound\" alt=\"Den som har appen Truecaller ser tydligt vem det \u00e4r som ringer.\" src=\"https:\/\/www.europesays.com\/se\/wp-content\/uploads\/2025\/12\/306035b4-067f-47c3-83cc-d818094c3506.jpg\"   loading=\"lazy\"\/><a class=\"article__lightbox-link\" href=\"https:\/\/static.bonniernews.se\/ba\/306035b4-067f-47c3-83cc-d818094c3506.jpg?width=1400&amp;format=pjpg&amp;auto=avif\" data-pswp-width=\"1400\" data-pswp-height=\"933\" data-pswp-caption=\"Den som har appen Truecaller ser tydligt vem det \u00e4r som ringer. Bild: Angelica R\u00e4nttil\u00e4\" data-pswp- rel=\"nofollow noopener\" target=\"_blank\">\u00d6ppna bild i helsk\u00e4rmsl\u00e4ge<\/a><\/p>\n<p class=\"txt-style-muted\" aria-hidden=\"true\">Den som har appen Truecaller ser tydligt vem det \u00e4r som ringer.<\/p>\n<p class=\"article__figcaption-attribution txt-style-muted\">Bild: Angelica R\u00e4nttil\u00e4<\/p>\n<p aria-disabled=\"true\" class=\"ad__preamble ad-text txt-style-muted txt-ui txt-ui--strong txt-ui-2\">Annons<\/p>\n<p>I dag anv\u00e4nds Truecaller av ungef\u00e4r 15 procent av alla med smarttelefon i Sverige. Utomlands \u00e4r appen betydligt st\u00f6rre. Globalt har den 450 miljoner anv\u00e4ndare varje m\u00e5nad.<\/p>\n<p aria-disabled=\"true\" class=\"ad__preamble ad-text txt-style-muted txt-ui txt-ui--strong txt-ui-2\">Annons<\/p>\n<p>\u2013 Jag brukar kalla Truecaller f\u00f6r Sveriges b\u00e4st bevarade hemlighet. I Indien \u00e4r vi lika k\u00e4nda som Spotify, s\u00e4ger Agnes Lindberg.<\/p>\n<p>Piloten ska p\u00e5g\u00e5 tre m\u00e5nader. Det \u00e4r \u00e4nnu f\u00f6r tidigt att s\u00e4ga om den gett n\u00e5got resultat, men om svarsfrekvensen \u00f6kar kan samarbetet komma att v\u00e4xa \u2013 och exempelvis hela L\u00e4nsf\u00f6rs\u00e4kringar f\u00f6lja efter.<\/p>\n<p><img decoding=\"async\" width=\"640\" height=\"427\" class=\"article-image article-image--unbound\" alt=\"Martin Carlsson och Agnes Lindberg.\" src=\"https:\/\/www.europesays.com\/se\/wp-content\/uploads\/2025\/12\/842263c1-51d3-42d4-97bb-386a30a4a9a1.jpg\"   loading=\"lazy\"\/><a class=\"article__lightbox-link\" href=\"https:\/\/static.bonniernews.se\/ba\/842263c1-51d3-42d4-97bb-386a30a4a9a1.jpg?width=1400&amp;format=pjpg&amp;auto=avif\" data-pswp-width=\"1400\" data-pswp-height=\"933\" data-pswp-caption=\"Martin Carlsson och Agnes Lindberg. Bild: Angelica R\u00e4nttil\u00e4\" data-pswp- rel=\"nofollow noopener\" target=\"_blank\">\u00d6ppna bild i helsk\u00e4rmsl\u00e4ge<\/a><\/p>\n<p class=\"txt-style-muted\" aria-hidden=\"true\">Martin Carlsson och Agnes Lindberg.<\/p>\n<p class=\"article__figcaption-attribution txt-style-muted\">Bild: Angelica R\u00e4nttil\u00e4<\/p>\n<p>Att skapa trygghet \u00e4r en r\u00f6d tr\u00e5d som binder de tv\u00e5 barndomsv\u00e4nnerna samman.<\/p>\n<p>\u2013 Vi har samma vision och v\u00e4rderingar kring det, s\u00e5 det har inte varit n\u00e5gra konstigheter att arbeta ihop, s\u00e4ger Martin Carlsson.<\/p>\n<p>\u2013 Jag \u00e4r m\u00e5n om att det ska g\u00e5 bra, s\u00e4ger Agnes Lindberg.<\/p>\n","protected":false},"excerpt":{"rendered":"N\u00e4r bedr\u00e4gerierna \u00f6kar svarar allt f\u00e4rre p\u00e5 ok\u00e4nda nummer i telefonen. Det vill barndomsv\u00e4nnerna Agnes Lindberg och Martin&hellip;\n","protected":false},"author":2,"featured_media":116828,"comment_status":"","ping_status":"","sticky":false,"template":"","format":"standard","meta":{"footnotes":""},"categories":[65],"tags":[72,70,71,34,31,33,32,30],"class_list":{"0":"post-116827","1":"post","2":"type-post","3":"status-publish","4":"format-standard","5":"has-post-thumbnail","7":"category-ekonomi","8":"tag-business","9":"tag-economy","10":"tag-ekonomi","11":"tag-se","12":"tag-svenska","13":"tag-sverige","14":"tag-sweden","15":"tag-swedish"},"share_on_mastodon":{"url":"https:\/\/pubeurope.com\/@se\/115781767857127319","error":""},"_links":{"self":[{"href":"https:\/\/www.europesays.com\/se\/wp-json\/wp\/v2\/posts\/116827","targetHints":{"allow":["GET"]}}],"collection":[{"href":"https:\/\/www.europesays.com\/se\/wp-json\/wp\/v2\/posts"}],"about":[{"href":"https:\/\/www.europesays.com\/se\/wp-json\/wp\/v2\/types\/post"}],"author":[{"embeddable":true,"href":"https:\/\/www.europesays.com\/se\/wp-json\/wp\/v2\/users\/2"}],"replies":[{"embeddable":true,"href":"https:\/\/www.europesays.com\/se\/wp-json\/wp\/v2\/comments?post=116827"}],"version-history":[{"count":0,"href":"https:\/\/www.europesays.com\/se\/wp-json\/wp\/v2\/posts\/116827\/revisions"}],"wp:featuredmedia":[{"embeddable":true,"href":"https:\/\/www.europesays.com\/se\/wp-json\/wp\/v2\/media\/116828"}],"wp:attachment":[{"href":"https:\/\/www.europesays.com\/se\/wp-json\/wp\/v2\/media?parent=116827"}],"wp:term":[{"taxonomy":"category","embeddable":true,"href":"https:\/\/www.europesays.com\/se\/wp-json\/wp\/v2\/categories?post=116827"},{"taxonomy":"post_tag","embeddable":true,"href":"https:\/\/www.europesays.com\/se\/wp-json\/wp\/v2\/tags?post=116827"}],"curies":[{"name":"wp","href":"https:\/\/api.w.org\/{rel}","templated":true}]}}