{"id":116829,"date":"2025-12-25T19:05:11","date_gmt":"2025-12-25T19:05:11","guid":{"rendered":"https:\/\/www.europesays.com\/se\/116829\/"},"modified":"2025-12-25T19:05:11","modified_gmt":"2025-12-25T19:05:11","slug":"dn-direkt-storbolagets-plan-stannar-pa-marken-under-juldagen","status":"publish","type":"post","link":"https:\/\/www.europesays.com\/se\/116829\/","title":{"rendered":"DN Direkt \u2013 Storbolagets plan stannar p\u00e5 marken under juldagen"},"content":{"rendered":"<p>Ett ovanligt kraftigt skalv har intr\u00e4ffat i G\u00e4llivare, uppger LKAB.<\/p>\n<p>\u2013 Det \u00e4r en av de st\u00f6rsta vibrationerna eller s\u00e4ttningarna som uppm\u00e4tts, s\u00e4ger Ulrika Huhtaniska, pressansvarig vid gruvbolaget.<\/p>\n<p>LKAB har prelimin\u00e4rt uppskattat skalvet till 2,7 p\u00e5 sin egen skala.<\/p>\n<p>\u2013 Det skedde i en h\u00e4ngv\u00e4gg s\u00e5 det har inte p\u00e5verkat gruvan, v\u00e4gar, infrastruktur eller omr\u00e5den d\u00e4r personal befinner sig, enligt Huhtaniska.<\/p>\n<p>Skalvet var \u00e4nd\u00e5 s\u00e5pass kraftigt att det k\u00e4nts i samh\u00e4llet som skakningar. Nu har man tillf\u00e4lligt stoppat arbetet vid h\u00e4ngv\u00e4ggen.<\/p>\n<p>LKAB har p\u00e5b\u00f6rjat en utredning om anledningen till skalvet, tidigare under natten intr\u00e4ffade \u00e4ven ett mindre skalv i samma del av gruvan.<\/p>\n<p>N\u00e4r arbetet kommer att \u00e5terupptas \u00e4r \u00e4nnu oklart.<\/p>\n","protected":false},"excerpt":{"rendered":"Ett ovanligt kraftigt skalv har intr\u00e4ffat i G\u00e4llivare, uppger LKAB. \u2013 Det \u00e4r en av de st\u00f6rsta vibrationerna&hellip;\n","protected":false},"author":2,"featured_media":14013,"comment_status":"","ping_status":"","sticky":false,"template":"","format":"standard","meta":{"footnotes":""},"categories":[14],"tags":[22,23,26,27,17,21,24,25,28,29,15,16,18,34,31,33,32,30,19,20,51,52,53,54],"class_list":{"0":"post-116829","1":"post","2":"type-post","3":"status-publish","4":"format-standard","5":"has-post-thumbnail","7":"category-varlden","8":"tag-breaking-news","9":"tag-breakingnews","10":"tag-featured-news","11":"tag-featurednews","12":"tag-headlines","13":"tag-huvudnyheter","14":"tag-latest-news","15":"tag-latestnews","16":"tag-main-news","17":"tag-mainnews","18":"tag-news","19":"tag-nyheter","20":"tag-rubriker","21":"tag-se","22":"tag-svenska","23":"tag-sverige","24":"tag-sweden","25":"tag-swedish","26":"tag-top-stories","27":"tag-topstories","28":"tag-varlden","29":"tag-world","30":"tag-world-news","31":"tag-worldnews"},"share_on_mastodon":{"url":"https:\/\/pubeurope.com\/@se\/115781771188801915","error":""},"_links":{"self":[{"href":"https:\/\/www.europesays.com\/se\/wp-json\/wp\/v2\/posts\/116829","targetHints":{"allow":["GET"]}}],"collection":[{"href":"https:\/\/www.europesays.com\/se\/wp-json\/wp\/v2\/posts"}],"about":[{"href":"https:\/\/www.europesays.com\/se\/wp-json\/wp\/v2\/types\/post"}],"author":[{"embeddable":true,"href":"https:\/\/www.europesays.com\/se\/wp-json\/wp\/v2\/users\/2"}],"replies":[{"embeddable":true,"href":"https:\/\/www.europesays.com\/se\/wp-json\/wp\/v2\/comments?post=116829"}],"version-history":[{"count":0,"href":"https:\/\/www.europesays.com\/se\/wp-json\/wp\/v2\/posts\/116829\/revisions"}],"wp:featuredmedia":[{"embeddable":true,"href":"https:\/\/www.europesays.com\/se\/wp-json\/wp\/v2\/media\/14013"}],"wp:attachment":[{"href":"https:\/\/www.europesays.com\/se\/wp-json\/wp\/v2\/media?parent=116829"}],"wp:term":[{"taxonomy":"category","embeddable":true,"href":"https:\/\/www.europesays.com\/se\/wp-json\/wp\/v2\/categories?post=116829"},{"taxonomy":"post_tag","embeddable":true,"href":"https:\/\/www.europesays.com\/se\/wp-json\/wp\/v2\/tags?post=116829"}],"curies":[{"name":"wp","href":"https:\/\/api.w.org\/{rel}","templated":true}]}}