{"id":116832,"date":"2025-12-25T19:13:27","date_gmt":"2025-12-25T19:13:27","guid":{"rendered":"https:\/\/www.europesays.com\/se\/116832\/"},"modified":"2025-12-25T19:13:27","modified_gmt":"2025-12-25T19:13:27","slug":"klimatpolitik-underkanns-ambitioner-racker-inte","status":"publish","type":"post","link":"https:\/\/www.europesays.com\/se\/116832\/","title":{"rendered":"Klimatpolitik underk\u00e4nns: \u201dAmbitioner r\u00e4cker inte\u201d"},"content":{"rendered":"<p>Bara fyra procent av Sveriges transportf\u00f6retag tycker att svenska politiker ger dem tillr\u00e4ckliga f\u00f6ruts\u00e4ttningar f\u00f6r att klara den gr\u00f6na omst\u00e4llningen, skriver representanter f\u00f6r branschorganisationen Transportf\u00f6retagen p\u00e5 SvD:s debattsida.<\/p>\n<p>Statliga bidrag inf\u00f6rs och dras tillbaka, vilket enligt organisationen leder till att investeringar skjuts p\u00e5 framtiden eller uteblir helt. Debatt\u00f6rerna skriver att branschen \u00e4r redo och att n\u00e4ringslivet, staten och privatpersoner beh\u00f6ver g\u00f6ra detsamma.<\/p>\n<p>\u201dOm Sverige menar allvar med sina klimatm\u00e5l r\u00e4cker det inte att tala om ambitioner.\u201d<\/p>\n<p>Omni \u00e4r politiskt obundna och oberoende. Vi str\u00e4var efter att ge fler perspektiv p\u00e5 nyheterna. Har du fr\u00e5gor eller synpunkter kring v\u00e5r rapportering? <a href=\"https:\/\/omni.se\/klimatpolitik-underkanns-ambitioner-racker-inte\/a\/mailto:redaktion@omni.se\" class=\"ArticleActions_contactLink__W2F1M\" rel=\"nofollow noopener\" target=\"_blank\">Kontakta redaktionen<\/a><\/p>\n","protected":false},"excerpt":{"rendered":"Bara fyra procent av Sveriges transportf\u00f6retag tycker att svenska politiker ger dem tillr\u00e4ckliga f\u00f6ruts\u00e4ttningar f\u00f6r att klara den&hellip;\n","protected":false},"author":2,"featured_media":116833,"comment_status":"","ping_status":"","sticky":false,"template":"","format":"standard","meta":{"footnotes":""},"categories":[65],"tags":[72,445,70,71,528,940,369,34,31,33,32,30,12565],"class_list":{"0":"post-116832","1":"post","2":"type-post","3":"status-publish","4":"format-standard","5":"has-post-thumbnail","7":"category-ekonomi","8":"tag-business","9":"tag-debatt","10":"tag-economy","11":"tag-ekonomi","12":"tag-klimat-miljo","13":"tag-klimathotet","14":"tag-politik","15":"tag-se","16":"tag-svenska","17":"tag-sverige","18":"tag-sweden","19":"tag-swedish","20":"tag-transportforetagen"},"share_on_mastodon":{"url":"https:\/\/pubeurope.com\/@se\/115781802620284928","error":""},"_links":{"self":[{"href":"https:\/\/www.europesays.com\/se\/wp-json\/wp\/v2\/posts\/116832","targetHints":{"allow":["GET"]}}],"collection":[{"href":"https:\/\/www.europesays.com\/se\/wp-json\/wp\/v2\/posts"}],"about":[{"href":"https:\/\/www.europesays.com\/se\/wp-json\/wp\/v2\/types\/post"}],"author":[{"embeddable":true,"href":"https:\/\/www.europesays.com\/se\/wp-json\/wp\/v2\/users\/2"}],"replies":[{"embeddable":true,"href":"https:\/\/www.europesays.com\/se\/wp-json\/wp\/v2\/comments?post=116832"}],"version-history":[{"count":0,"href":"https:\/\/www.europesays.com\/se\/wp-json\/wp\/v2\/posts\/116832\/revisions"}],"wp:featuredmedia":[{"embeddable":true,"href":"https:\/\/www.europesays.com\/se\/wp-json\/wp\/v2\/media\/116833"}],"wp:attachment":[{"href":"https:\/\/www.europesays.com\/se\/wp-json\/wp\/v2\/media?parent=116832"}],"wp:term":[{"taxonomy":"category","embeddable":true,"href":"https:\/\/www.europesays.com\/se\/wp-json\/wp\/v2\/categories?post=116832"},{"taxonomy":"post_tag","embeddable":true,"href":"https:\/\/www.europesays.com\/se\/wp-json\/wp\/v2\/tags?post=116832"}],"curies":[{"name":"wp","href":"https:\/\/api.w.org\/{rel}","templated":true}]}}