{"id":116834,"date":"2025-12-25T19:15:09","date_gmt":"2025-12-25T19:15:09","guid":{"rendered":"https:\/\/www.europesays.com\/se\/116834\/"},"modified":"2025-12-25T19:15:09","modified_gmt":"2025-12-25T19:15:09","slug":"grand-hotel-saltsjobaden-totalrenoveras-xxx","status":"publish","type":"post","link":"https:\/\/www.europesays.com\/se\/116834\/","title":{"rendered":"Grand Hotel Saltsj\u00f6baden totalrenoveras: \u201dxxx\u201d"},"content":{"rendered":"<p>\u201dHotellet, som \u00e4r bygdt af tegel med gul spritputs och burspr\u00e5k, verandor och balkonger af brunt tr\u00e4 \u00e4r h\u00e5llet i en slags gammal Stockholmsstil eller tysk ren\u00e4ssans med torn, utspr\u00e5ng och spiror samt presenterar sig till det yttre som ett slott fr\u00e5n Vasatiden ungef\u00e4r.\u201d<\/p>\n<p>S\u00e5 beskrev Svenska Dagbladet Grand Hotel Saltsj\u00f6baden n\u00e4r det var nybyggt sommaren 1893.<\/p>\n","protected":false},"excerpt":{"rendered":"\u201dHotellet, som \u00e4r bygdt af tegel med gul spritputs och burspr\u00e5k, verandor och balkonger af brunt tr\u00e4 \u00e4r&hellip;\n","protected":false},"author":2,"featured_media":116835,"comment_status":"","ping_status":"","sticky":false,"template":"","format":"standard","meta":{"footnotes":""},"categories":[12],"tags":[22,23,26,27,17,21,24,25,28,29,15,16,18,34,31,33,32,30,19,20],"class_list":{"0":"post-116834","1":"post","2":"type-post","3":"status-publish","4":"format-standard","5":"has-post-thumbnail","7":"category-sverige","8":"tag-breaking-news","9":"tag-breakingnews","10":"tag-featured-news","11":"tag-featurednews","12":"tag-headlines","13":"tag-huvudnyheter","14":"tag-latest-news","15":"tag-latestnews","16":"tag-main-news","17":"tag-mainnews","18":"tag-news","19":"tag-nyheter","20":"tag-rubriker","21":"tag-se","22":"tag-svenska","23":"tag-sverige","24":"tag-sweden","25":"tag-swedish","26":"tag-top-stories","27":"tag-topstories"},"share_on_mastodon":{"url":"https:\/\/pubeurope.com\/@se\/115781810439602856","error":""},"_links":{"self":[{"href":"https:\/\/www.europesays.com\/se\/wp-json\/wp\/v2\/posts\/116834","targetHints":{"allow":["GET"]}}],"collection":[{"href":"https:\/\/www.europesays.com\/se\/wp-json\/wp\/v2\/posts"}],"about":[{"href":"https:\/\/www.europesays.com\/se\/wp-json\/wp\/v2\/types\/post"}],"author":[{"embeddable":true,"href":"https:\/\/www.europesays.com\/se\/wp-json\/wp\/v2\/users\/2"}],"replies":[{"embeddable":true,"href":"https:\/\/www.europesays.com\/se\/wp-json\/wp\/v2\/comments?post=116834"}],"version-history":[{"count":0,"href":"https:\/\/www.europesays.com\/se\/wp-json\/wp\/v2\/posts\/116834\/revisions"}],"wp:featuredmedia":[{"embeddable":true,"href":"https:\/\/www.europesays.com\/se\/wp-json\/wp\/v2\/media\/116835"}],"wp:attachment":[{"href":"https:\/\/www.europesays.com\/se\/wp-json\/wp\/v2\/media?parent=116834"}],"wp:term":[{"taxonomy":"category","embeddable":true,"href":"https:\/\/www.europesays.com\/se\/wp-json\/wp\/v2\/categories?post=116834"},{"taxonomy":"post_tag","embeddable":true,"href":"https:\/\/www.europesays.com\/se\/wp-json\/wp\/v2\/tags?post=116834"}],"curies":[{"name":"wp","href":"https:\/\/api.w.org\/{rel}","templated":true}]}}