{"id":116838,"date":"2025-12-25T19:23:16","date_gmt":"2025-12-25T19:23:16","guid":{"rendered":"https:\/\/www.europesays.com\/se\/116838\/"},"modified":"2025-12-25T19:23:16","modified_gmt":"2025-12-25T19:23:16","slug":"renar-gick-genom-svagisen-raddningen-tog-sig-inte-ut","status":"publish","type":"post","link":"https:\/\/www.europesays.com\/se\/116838\/","title":{"rendered":"Renar gick genom svagisen &#8211; r\u00e4ddningen tog sig inte ut"},"content":{"rendered":"<p class=\"post-type\">nyheter<\/p>\n<p>\t\t\t2025-12-25<\/p>\n<p>\t\t\t\t\t\t\tP\u00e5 m\u00e5ndag eftermiddag larmades om en olycka d\u00e4r sju renar hade g\u00e5tt genom svagisen p\u00e5 en sj\u00f6 utanf\u00f6r Hoting. P\u00e5 grund av den svaga isen kunde inte R\u00e4ddningstj\u00e4nsten ta sig ut f\u00f6r att hj\u00e4lpa dem. <\/p>\n<p class=\"article__pubdate txt-style-muted txt-ui txt-ui-2\">SOS larmades p\u00e5 m\u00e5ndagen klockan 14.57 om att flera renar g\u00e5tt genom isen p\u00e5 en sj\u00f6 utanf\u00f6r Hoting. Enligt uppgift r\u00f6rde det sig om sju renar som var i fara men sedan framkom att tv\u00e5 fanns i vattnet. R\u00e4ddningstj\u00e4nsten kom till platsen men kunde inte komma ut till dem utan att riskera sin egen s\u00e4kerhet. Det uppger R\u00e4ddningstj\u00e4nstens inre bef\u00e4l som till\u00e4gger:<\/p>\n<p>\u2013 Vi hoppas att renarna hittar upp sj\u00e4lva. Enligt inringaren r\u00f6rde det sig om sju renar men p\u00e5 plats konstaterades att det var tv\u00e5 renar som syndes i vattnet.<\/p>\n<p>Ren\u00e4garen kontaktades.<\/p>\n<p>\u00a0<\/p>\n<p>Text: Barbro Ericson<\/p>\n<p>\t\t\t\t\t\t\t affarsnyttnorr<\/p>\n","protected":false},"excerpt":{"rendered":"nyheter 2025-12-25 P\u00e5 m\u00e5ndag eftermiddag larmades om en olycka d\u00e4r sju renar hade g\u00e5tt genom svagisen p\u00e5 en&hellip;\n","protected":false},"author":2,"featured_media":116839,"comment_status":"","ping_status":"","sticky":false,"template":"","format":"standard","meta":{"footnotes":""},"categories":[12],"tags":[22,23,26,27,17,21,24,25,28,29,15,16,18,34,31,33,32,30,19,20],"class_list":{"0":"post-116838","1":"post","2":"type-post","3":"status-publish","4":"format-standard","5":"has-post-thumbnail","7":"category-sverige","8":"tag-breaking-news","9":"tag-breakingnews","10":"tag-featured-news","11":"tag-featurednews","12":"tag-headlines","13":"tag-huvudnyheter","14":"tag-latest-news","15":"tag-latestnews","16":"tag-main-news","17":"tag-mainnews","18":"tag-news","19":"tag-nyheter","20":"tag-rubriker","21":"tag-se","22":"tag-svenska","23":"tag-sverige","24":"tag-sweden","25":"tag-swedish","26":"tag-top-stories","27":"tag-topstories"},"share_on_mastodon":{"url":"https:\/\/pubeurope.com\/@se\/115781841851816966","error":""},"_links":{"self":[{"href":"https:\/\/www.europesays.com\/se\/wp-json\/wp\/v2\/posts\/116838","targetHints":{"allow":["GET"]}}],"collection":[{"href":"https:\/\/www.europesays.com\/se\/wp-json\/wp\/v2\/posts"}],"about":[{"href":"https:\/\/www.europesays.com\/se\/wp-json\/wp\/v2\/types\/post"}],"author":[{"embeddable":true,"href":"https:\/\/www.europesays.com\/se\/wp-json\/wp\/v2\/users\/2"}],"replies":[{"embeddable":true,"href":"https:\/\/www.europesays.com\/se\/wp-json\/wp\/v2\/comments?post=116838"}],"version-history":[{"count":0,"href":"https:\/\/www.europesays.com\/se\/wp-json\/wp\/v2\/posts\/116838\/revisions"}],"wp:featuredmedia":[{"embeddable":true,"href":"https:\/\/www.europesays.com\/se\/wp-json\/wp\/v2\/media\/116839"}],"wp:attachment":[{"href":"https:\/\/www.europesays.com\/se\/wp-json\/wp\/v2\/media?parent=116838"}],"wp:term":[{"taxonomy":"category","embeddable":true,"href":"https:\/\/www.europesays.com\/se\/wp-json\/wp\/v2\/categories?post=116838"},{"taxonomy":"post_tag","embeddable":true,"href":"https:\/\/www.europesays.com\/se\/wp-json\/wp\/v2\/tags?post=116838"}],"curies":[{"name":"wp","href":"https:\/\/api.w.org\/{rel}","templated":true}]}}