{"id":116840,"date":"2025-12-25T19:26:10","date_gmt":"2025-12-25T19:26:10","guid":{"rendered":"https:\/\/www.europesays.com\/se\/116840\/"},"modified":"2025-12-25T19:26:10","modified_gmt":"2025-12-25T19:26:10","slug":"den-stora-hemvandarkvallen-i-vasteras","status":"publish","type":"post","link":"https:\/\/www.europesays.com\/se\/116840\/","title":{"rendered":"Den stora hemv\u00e4ndarkv\u00e4llen i V\u00e4ster\u00e5s"},"content":{"rendered":"<p class=\"hyperion-css-1shl3oz\" data-test-tag=\"lead-text\">Juldagen \u00e4r h\u00e4r \u2013 och med den julens kanske mest sj\u00e4lvklara utekv\u00e4ll: hemv\u00e4ndarfesten.<\/p>\n<p class=\"hyperion-css-1shl3oz\" data-test-tag=\"lead-text\">Hur firar du i \u00e5r?<\/p>\n<p class=\"hyperion-css-1shl3oz\" data-test-tag=\"lead-text\">Aftonbladets team r\u00f6r sig i V\u00e4ster\u00e5s myller. Skicka in bilder och visa hur din hemv\u00e4ndarkv\u00e4ll ser ut.<\/p>\n<ul class=\"hyperion-css-dlhdzr\">\n<li class=\"hyperion-css-y50u4e\" data-entry-tags=\"\" data-testid=\"liveblog-entry\"><img decoding=\"async\" class=\"hyperion-css-4zyuxd\" alt=\"\" src=\"https:\/\/www.europesays.com\/se\/wp-content\/uploads\/2025\/12\/71152ef462883f998d417eb13adb6aa0\"  loading=\"eager\" style=\"aspect-ratio:150\/undefined;height:auto;width:100%\"\/>\n<p>Touch down V\u00e4ster\u00e5s!<\/p>\n<p class=\"hyperion-css-mtu8ek\">Hall\u00e5 i stugorna!<\/p>\n<p class=\"hyperion-css-mtu8ek\">Linnea heter jag och \u00e4r reporter h\u00e4r p\u00e5 Aftonbladet.<\/p>\n<p class=\"hyperion-css-mtu8ek\">Just nu har jag och fotograf Carolina Byrmo precis landat i V\u00e4ster\u00e5s \u2013 redo f\u00f6r juldagen och \u00e5rets stora hemv\u00e4ndarkv\u00e4ll.<\/p>\n<p class=\"hyperion-css-mtu8ek\">Vi ser fram emot att h\u00e4nga med alla festglada under kv\u00e4llen och hoppas p\u00e5 en intensiv, rolig och st\u00e4mningsfull natt. Precis s\u00e5 som en tv\u00e4tt\u00e4kta hemv\u00e4ndarkv\u00e4ll ska vara.<\/p>\n<p class=\"hyperion-css-mtu8ek\">Ser ni oss p\u00e5 stan \u00e4r det bara att komma fram och s\u00e4ga hej.<\/p>\n<p class=\"hyperion-css-mtu8ek\">Och ni som inte \u00e4r ute i kv\u00e4ll kan s\u00e5klart f\u00f6lja allt som h\u00e4nder h\u00e4r i livechatten.<\/p>\n<\/li>\n<\/ul>\n<p>Logga in f\u00f6r att skriva<\/p>\n<ul class=\"hyperion-css-88kmbp\">\n<li class=\"hyperion-css-100j4g8 chat-entry\" data-entry-tags=\"\" data-testid=\"liveblog-entry\">\n<p class=\"hyperion-css-mtu8ek\">Idag blir de r\u00f6j! Klackarna i taket och tassarna mot skyn!<\/p>\n<\/li>\n<\/ul>\n","protected":false},"excerpt":{"rendered":"Juldagen \u00e4r h\u00e4r \u2013 och med den julens kanske mest sj\u00e4lvklara utekv\u00e4ll: hemv\u00e4ndarfesten. Hur firar du i \u00e5r?&hellip;\n","protected":false},"author":2,"featured_media":116841,"comment_status":"","ping_status":"","sticky":false,"template":"","format":"standard","meta":{"footnotes":""},"categories":[68],"tags":[34,111,110,31,33,32,30],"class_list":{"0":"post-116840","1":"post","2":"type-post","3":"status-publish","4":"format-standard","5":"has-post-thumbnail","7":"category-sport","8":"tag-se","9":"tag-sport","10":"tag-sports","11":"tag-svenska","12":"tag-sverige","13":"tag-sweden","14":"tag-swedish"},"share_on_mastodon":{"url":"https:\/\/pubeurope.com\/@se\/115781854170967429","error":""},"_links":{"self":[{"href":"https:\/\/www.europesays.com\/se\/wp-json\/wp\/v2\/posts\/116840","targetHints":{"allow":["GET"]}}],"collection":[{"href":"https:\/\/www.europesays.com\/se\/wp-json\/wp\/v2\/posts"}],"about":[{"href":"https:\/\/www.europesays.com\/se\/wp-json\/wp\/v2\/types\/post"}],"author":[{"embeddable":true,"href":"https:\/\/www.europesays.com\/se\/wp-json\/wp\/v2\/users\/2"}],"replies":[{"embeddable":true,"href":"https:\/\/www.europesays.com\/se\/wp-json\/wp\/v2\/comments?post=116840"}],"version-history":[{"count":0,"href":"https:\/\/www.europesays.com\/se\/wp-json\/wp\/v2\/posts\/116840\/revisions"}],"wp:featuredmedia":[{"embeddable":true,"href":"https:\/\/www.europesays.com\/se\/wp-json\/wp\/v2\/media\/116841"}],"wp:attachment":[{"href":"https:\/\/www.europesays.com\/se\/wp-json\/wp\/v2\/media?parent=116840"}],"wp:term":[{"taxonomy":"category","embeddable":true,"href":"https:\/\/www.europesays.com\/se\/wp-json\/wp\/v2\/categories?post=116840"},{"taxonomy":"post_tag","embeddable":true,"href":"https:\/\/www.europesays.com\/se\/wp-json\/wp\/v2\/tags?post=116840"}],"curies":[{"name":"wp","href":"https:\/\/api.w.org\/{rel}","templated":true}]}}