{"id":116842,"date":"2025-12-25T19:36:09","date_gmt":"2025-12-25T19:36:09","guid":{"rendered":"https:\/\/www.europesays.com\/se\/116842\/"},"modified":"2025-12-25T19:36:09","modified_gmt":"2025-12-25T19:36:09","slug":"uppsala-tyst-och-overgivet-pa-juldagen","status":"publish","type":"post","link":"https:\/\/www.europesays.com\/se\/116842\/","title":{"rendered":"Uppsala tyst och \u00f6vergivet p\u00e5 juldagen"},"content":{"rendered":"<p>Vad h\u00e4nder i Uppsala en sen eftermiddag under juldagen? UNT tog en sv\u00e4ng ner p\u00e5 stan f\u00f6r att kolla l\u00e4get och m\u00f6ttes av m\u00f6rka lokaler. Allt fr\u00e5n butiker till krogar och studentnationer l\u00e5g i de flesta fall \u00f6vergivna och m\u00f6rka.\u00a0En av f\u00e5 \u00f6ppna krogar var Baras p\u00e5 Kungsgatan. I baren stod Soner Agaya och blickade ut \u00f6ver lokalen. Vid de bord som var upptagna satt fr\u00e4mst e<\/p>\n","protected":false},"excerpt":{"rendered":"Vad h\u00e4nder i Uppsala en sen eftermiddag under juldagen? UNT tog en sv\u00e4ng ner p\u00e5 stan f\u00f6r att&hellip;\n","protected":false},"author":2,"featured_media":116843,"comment_status":"","ping_status":"","sticky":false,"template":"","format":"standard","meta":{"footnotes":""},"categories":[12],"tags":[22,23,26,27,17,21,24,25,28,29,15,16,18,34,31,33,32,30,19,20],"class_list":{"0":"post-116842","1":"post","2":"type-post","3":"status-publish","4":"format-standard","5":"has-post-thumbnail","7":"category-sverige","8":"tag-breaking-news","9":"tag-breakingnews","10":"tag-featured-news","11":"tag-featurednews","12":"tag-headlines","13":"tag-huvudnyheter","14":"tag-latest-news","15":"tag-latestnews","16":"tag-main-news","17":"tag-mainnews","18":"tag-news","19":"tag-nyheter","20":"tag-rubriker","21":"tag-se","22":"tag-svenska","23":"tag-sverige","24":"tag-sweden","25":"tag-swedish","26":"tag-top-stories","27":"tag-topstories"},"share_on_mastodon":{"url":"https:\/\/pubeurope.com\/@se\/115781893100621478","error":""},"_links":{"self":[{"href":"https:\/\/www.europesays.com\/se\/wp-json\/wp\/v2\/posts\/116842","targetHints":{"allow":["GET"]}}],"collection":[{"href":"https:\/\/www.europesays.com\/se\/wp-json\/wp\/v2\/posts"}],"about":[{"href":"https:\/\/www.europesays.com\/se\/wp-json\/wp\/v2\/types\/post"}],"author":[{"embeddable":true,"href":"https:\/\/www.europesays.com\/se\/wp-json\/wp\/v2\/users\/2"}],"replies":[{"embeddable":true,"href":"https:\/\/www.europesays.com\/se\/wp-json\/wp\/v2\/comments?post=116842"}],"version-history":[{"count":0,"href":"https:\/\/www.europesays.com\/se\/wp-json\/wp\/v2\/posts\/116842\/revisions"}],"wp:featuredmedia":[{"embeddable":true,"href":"https:\/\/www.europesays.com\/se\/wp-json\/wp\/v2\/media\/116843"}],"wp:attachment":[{"href":"https:\/\/www.europesays.com\/se\/wp-json\/wp\/v2\/media?parent=116842"}],"wp:term":[{"taxonomy":"category","embeddable":true,"href":"https:\/\/www.europesays.com\/se\/wp-json\/wp\/v2\/categories?post=116842"},{"taxonomy":"post_tag","embeddable":true,"href":"https:\/\/www.europesays.com\/se\/wp-json\/wp\/v2\/tags?post=116842"}],"curies":[{"name":"wp","href":"https:\/\/api.w.org\/{rel}","templated":true}]}}