{"id":116844,"date":"2025-12-25T19:37:09","date_gmt":"2025-12-25T19:37:09","guid":{"rendered":"https:\/\/www.europesays.com\/se\/116844\/"},"modified":"2025-12-25T19:37:09","modified_gmt":"2025-12-25T19:37:09","slug":"sport-patrik-noren-blir-borta-flera-manader","status":"publish","type":"post","link":"https:\/\/www.europesays.com\/se\/116844\/","title":{"rendered":"Sport: Patrik Nor\u00e9n blir borta flera m\u00e5nader"},"content":{"rendered":"<p>Backen kom fr\u00e5n Leksand inf\u00f6r s\u00e4songen och spelade i b\u00f6rjan av serien men \u00e5kte p\u00e5 en skada i omg\u00e5ng tre mot sin tidigare klubb. <\/p>\n<p>Han blev borta ett tag men kom tillbaka mot Djurg\u00e5rden den 4 oktober, men d\u00e5 var olyckan framme igen och han tvingades kliva av under matchens g\u00e5ng. <\/p>\n<p>Nor\u00e9n har inte spelat sedan dess och nu meddelar Malm\u00f6 Redhawks att spelaren har opererats. <\/p>\n<p>\u201dHan har p\u00e5b\u00f6rjat sin rehabilitering enligt uppsatt plan. Rehabiliteringsperioden bed\u00f6ms bli l\u00e4ngre, med en prognos p\u00e5 cirka 3\u20136 m\u00e5nader. \u00c4ven om spel under perioden inte helt kan uteslutas, bed\u00f6ms det i nul\u00e4get som h\u00f6gst osannolikt. Vidare utv\u00e4rdering av utfallet sker l\u00f6pande utifr\u00e5n rehabiliteringens progression,\u201d skriver klubben p\u00e5 sin <a href=\"https:\/\/www.malmoredhawks.com\/article\/gpbat7t-33nad\/view\" rel=\"nofollow noopener\" target=\"_blank\">hemsida<\/a>. <\/p>\n<p>Patrik Nor\u00e9n har gjort 364 SHL-matcher under sin karri\u00e4r. <\/p>\n","protected":false},"excerpt":{"rendered":"Backen kom fr\u00e5n Leksand inf\u00f6r s\u00e4songen och spelade i b\u00f6rjan av serien men \u00e5kte p\u00e5 en skada i&hellip;\n","protected":false},"author":2,"featured_media":116845,"comment_status":"","ping_status":"","sticky":false,"template":"","format":"standard","meta":{"footnotes":""},"categories":[5],"tags":[22,23,26,27,17,21,24,25,28,29,15,16,18,34,31,33,32,30,19,20],"class_list":{"0":"post-116844","1":"post","2":"type-post","3":"status-publish","4":"format-standard","5":"has-post-thumbnail","7":"category-rubriker","8":"tag-breaking-news","9":"tag-breakingnews","10":"tag-featured-news","11":"tag-featurednews","12":"tag-headlines","13":"tag-huvudnyheter","14":"tag-latest-news","15":"tag-latestnews","16":"tag-main-news","17":"tag-mainnews","18":"tag-news","19":"tag-nyheter","20":"tag-rubriker","21":"tag-se","22":"tag-svenska","23":"tag-sverige","24":"tag-sweden","25":"tag-swedish","26":"tag-top-stories","27":"tag-topstories"},"share_on_mastodon":{"url":"https:\/\/pubeurope.com\/@se\/115781896982273223","error":""},"_links":{"self":[{"href":"https:\/\/www.europesays.com\/se\/wp-json\/wp\/v2\/posts\/116844","targetHints":{"allow":["GET"]}}],"collection":[{"href":"https:\/\/www.europesays.com\/se\/wp-json\/wp\/v2\/posts"}],"about":[{"href":"https:\/\/www.europesays.com\/se\/wp-json\/wp\/v2\/types\/post"}],"author":[{"embeddable":true,"href":"https:\/\/www.europesays.com\/se\/wp-json\/wp\/v2\/users\/2"}],"replies":[{"embeddable":true,"href":"https:\/\/www.europesays.com\/se\/wp-json\/wp\/v2\/comments?post=116844"}],"version-history":[{"count":0,"href":"https:\/\/www.europesays.com\/se\/wp-json\/wp\/v2\/posts\/116844\/revisions"}],"wp:featuredmedia":[{"embeddable":true,"href":"https:\/\/www.europesays.com\/se\/wp-json\/wp\/v2\/media\/116845"}],"wp:attachment":[{"href":"https:\/\/www.europesays.com\/se\/wp-json\/wp\/v2\/media?parent=116844"}],"wp:term":[{"taxonomy":"category","embeddable":true,"href":"https:\/\/www.europesays.com\/se\/wp-json\/wp\/v2\/categories?post=116844"},{"taxonomy":"post_tag","embeddable":true,"href":"https:\/\/www.europesays.com\/se\/wp-json\/wp\/v2\/tags?post=116844"}],"curies":[{"name":"wp","href":"https:\/\/api.w.org\/{rel}","templated":true}]}}