{"id":116846,"date":"2025-12-25T19:39:11","date_gmt":"2025-12-25T19:39:11","guid":{"rendered":"https:\/\/www.europesays.com\/se\/116846\/"},"modified":"2025-12-25T19:39:11","modified_gmt":"2025-12-25T19:39:11","slug":"broc-little-slutar-med-hockey-efter-skador","status":"publish","type":"post","link":"https:\/\/www.europesays.com\/se\/116846\/","title":{"rendered":"Broc Little slutar med hockey efter skador"},"content":{"rendered":"<p class=\"long-read-first-paragraph\">\u2013 Morning! Jag t\u00e4nker oss att vi s\u00e4tter oss i bistron direkt. Jag beh\u00f6ver frukost och kaffe, s\u00e4ger Broc huttrandes p\u00e5 perrongen p\u00e5 Link\u00f6pings resecentrum.\u00a0Hockeytrunk och en sk\u00f6n huvtr\u00f6ja \u00e4r utbytt mot en v\u00e4lstruken vit skjorta och en datav\u00e4ska. Ungef\u00e4r tv\u00e5 dagar i m\u00e5naden \u00e4r Broc Little numer en del av Handelsh\u00f6gskolan i Stockholms MDA-program f\u00f6r tidigare elitidrott<\/p>\n","protected":false},"excerpt":{"rendered":"\u2013 Morning! Jag t\u00e4nker oss att vi s\u00e4tter oss i bistron direkt. Jag beh\u00f6ver frukost och kaffe, s\u00e4ger&hellip;\n","protected":false},"author":2,"featured_media":116847,"comment_status":"","ping_status":"","sticky":false,"template":"","format":"standard","meta":{"footnotes":""},"categories":[68],"tags":[34,111,110,31,33,32,30],"class_list":{"0":"post-116846","1":"post","2":"type-post","3":"status-publish","4":"format-standard","5":"has-post-thumbnail","7":"category-sport","8":"tag-se","9":"tag-sport","10":"tag-sports","11":"tag-svenska","12":"tag-sverige","13":"tag-sweden","14":"tag-swedish"},"share_on_mastodon":{"url":"https:\/\/pubeurope.com\/@se\/115781904850224688","error":""},"_links":{"self":[{"href":"https:\/\/www.europesays.com\/se\/wp-json\/wp\/v2\/posts\/116846","targetHints":{"allow":["GET"]}}],"collection":[{"href":"https:\/\/www.europesays.com\/se\/wp-json\/wp\/v2\/posts"}],"about":[{"href":"https:\/\/www.europesays.com\/se\/wp-json\/wp\/v2\/types\/post"}],"author":[{"embeddable":true,"href":"https:\/\/www.europesays.com\/se\/wp-json\/wp\/v2\/users\/2"}],"replies":[{"embeddable":true,"href":"https:\/\/www.europesays.com\/se\/wp-json\/wp\/v2\/comments?post=116846"}],"version-history":[{"count":0,"href":"https:\/\/www.europesays.com\/se\/wp-json\/wp\/v2\/posts\/116846\/revisions"}],"wp:featuredmedia":[{"embeddable":true,"href":"https:\/\/www.europesays.com\/se\/wp-json\/wp\/v2\/media\/116847"}],"wp:attachment":[{"href":"https:\/\/www.europesays.com\/se\/wp-json\/wp\/v2\/media?parent=116846"}],"wp:term":[{"taxonomy":"category","embeddable":true,"href":"https:\/\/www.europesays.com\/se\/wp-json\/wp\/v2\/categories?post=116846"},{"taxonomy":"post_tag","embeddable":true,"href":"https:\/\/www.europesays.com\/se\/wp-json\/wp\/v2\/tags?post=116846"}],"curies":[{"name":"wp","href":"https:\/\/api.w.org\/{rel}","templated":true}]}}