{"id":116849,"date":"2025-12-25T19:47:24","date_gmt":"2025-12-25T19:47:24","guid":{"rendered":"https:\/\/www.europesays.com\/se\/116849\/"},"modified":"2025-12-25T19:47:24","modified_gmt":"2025-12-25T19:47:24","slug":"officiellt-haynes-blir-tranare-i-afc-malmo-ettan-sodra","status":"publish","type":"post","link":"https:\/\/www.europesays.com\/se\/116849\/","title":{"rendered":"Officiellt: Haynes blir tr\u00e4nare i AFC Malm\u00f6 &#8211; Ettan s\u00f6dra"},"content":{"rendered":"<p>Dagen innan julafton meddelade Trelleborgs FF att Kristian Haynes l\u00e4mnar klubben efter degraderingen fr\u00e5n superettan. Haynes hade dessf\u00f6rinnan varit verksam i TFF under \u00f6ver 20 \u00e5r som spelare och ledare. <\/p>\n<p>Nu \u00e4r Haynes klar f\u00f6r ett nytt uppdrag. 45-\u00e5ringen \u00e4r klar som ny huvudtr\u00e4nare f\u00f6r AFC Malm\u00f6, klubben som tidigare hette Ariana FC.<\/p>\n<p>Till AFC:s hemsida motiverar Haynes varf\u00f6r han ansluter till klubben:<\/p>\n<p>&#8211; Jag drivs av utmaningar. Redan fr\u00e5n f\u00f6rsta m\u00f6tet s\u00e5g jag m\u00e4nniskor d\u00e4r det lyser i \u00f6gonen, och d\u00e4r det finns en solklar vision och ambition att ta sig till svensk elitfotboll. Jag hoppas verkligen kunna hj\u00e4lpa AFC att uppfylla sin m\u00e5ls\u00e4ttning.<\/p>\n<p>Sportchef Omid Hushmand kommenterar tills\u00e4ttningen:<\/p>\n<p>&#8211; Kristian st\u00e5r f\u00f6r en attraktiv, modig och kaxig fotboll \u2013 helt i linje med hur vi vill att AFC ska upptr\u00e4da. Samtidigt l\u00e4gger han stor vikt vid ledarskap, relationer och, framf\u00f6r allt, utveckling av spelare \u2013 oavsett om det handlar om unga talanger eller mer etablerade spelare. Vi ser verkligen fram emot att arbeta tillsammans med Kristian under de kommande \u00e5ren.<\/p>\n<p>AFC Malm\u00f6 slutade p\u00e5 sj\u00e4tte plats i ettan s\u00f6dra 2025.<\/p>\n","protected":false},"excerpt":{"rendered":"Dagen innan julafton meddelade Trelleborgs FF att Kristian Haynes l\u00e4mnar klubben efter degraderingen fr\u00e5n superettan. Haynes hade dessf\u00f6rinnan&hellip;\n","protected":false},"author":2,"featured_media":116850,"comment_status":"","ping_status":"","sticky":false,"template":"","format":"standard","meta":{"footnotes":""},"categories":[68],"tags":[34,111,110,31,33,32,30],"class_list":{"0":"post-116849","1":"post","2":"type-post","3":"status-publish","4":"format-standard","5":"has-post-thumbnail","7":"category-sport","8":"tag-se","9":"tag-sport","10":"tag-sports","11":"tag-svenska","12":"tag-sverige","13":"tag-sweden","14":"tag-swedish"},"share_on_mastodon":{"url":"https:\/\/pubeurope.com\/@se\/115781936328512609","error":""},"_links":{"self":[{"href":"https:\/\/www.europesays.com\/se\/wp-json\/wp\/v2\/posts\/116849","targetHints":{"allow":["GET"]}}],"collection":[{"href":"https:\/\/www.europesays.com\/se\/wp-json\/wp\/v2\/posts"}],"about":[{"href":"https:\/\/www.europesays.com\/se\/wp-json\/wp\/v2\/types\/post"}],"author":[{"embeddable":true,"href":"https:\/\/www.europesays.com\/se\/wp-json\/wp\/v2\/users\/2"}],"replies":[{"embeddable":true,"href":"https:\/\/www.europesays.com\/se\/wp-json\/wp\/v2\/comments?post=116849"}],"version-history":[{"count":0,"href":"https:\/\/www.europesays.com\/se\/wp-json\/wp\/v2\/posts\/116849\/revisions"}],"wp:featuredmedia":[{"embeddable":true,"href":"https:\/\/www.europesays.com\/se\/wp-json\/wp\/v2\/media\/116850"}],"wp:attachment":[{"href":"https:\/\/www.europesays.com\/se\/wp-json\/wp\/v2\/media?parent=116849"}],"wp:term":[{"taxonomy":"category","embeddable":true,"href":"https:\/\/www.europesays.com\/se\/wp-json\/wp\/v2\/categories?post=116849"},{"taxonomy":"post_tag","embeddable":true,"href":"https:\/\/www.europesays.com\/se\/wp-json\/wp\/v2\/tags?post=116849"}],"curies":[{"name":"wp","href":"https:\/\/api.w.org\/{rel}","templated":true}]}}