{"id":116851,"date":"2025-12-25T19:53:39","date_gmt":"2025-12-25T19:53:39","guid":{"rendered":"https:\/\/www.europesays.com\/se\/116851\/"},"modified":"2025-12-25T19:53:39","modified_gmt":"2025-12-25T19:53:39","slug":"terrordomde-christopher-kanner-mig-smickrad-omni","status":"publish","type":"post","link":"https:\/\/www.europesays.com\/se\/116851\/","title":{"rendered":"Terrord\u00f6mde Christopher: \u201dK\u00e4nner mig smickrad\u201d &#8211; Omni"},"content":{"rendered":"<ol>\n<li><a href=\"https:\/\/news.google.com\/rss\/articles\/CBMid0FVX3lxTE0wcGR0LTBzWkhqQ3RTbmJaNUFxZmNHU0NQOTRBXzJBNjAxR0ZLdXpzT2VidnpENjRqMC0ybU0zbjBWRXI4MkpPaUxfMzJvcGQ2WExzSEwyYUJuMWZwRmdaQnotdTNHdFVqbm14Y1RrQUhHci16cWhj?oc=5\" target=\"_blank\" rel=\"nofollow noopener\">Terrord\u00f6mde Christopher: \u201dK\u00e4nner mig smickrad\u201d<\/a>&nbsp;&nbsp;Omni<\/li>\n<li><a href=\"https:\/\/news.google.com\/rss\/articles\/CBMijAFBVV95cUxQVnh0bmNtbGRzZnN2R2o5SkZPZl9HOEY3RkNrV1hLYUl3REk1RjNiaTBaX1pBb2JBa29meTA0WWRJWjB5aW1wT2Z1cDcxVFgybmpZbk5kNWlmdHA3WHMzUDFVeHR1cWxyUWs0QThxVlE2Q2ZBTl8wX1FfUUhwT0dOMXVveEdmYnY2cXpJZw?oc=5\" target=\"_blank\" rel=\"nofollow noopener\">Christopher Forsb\u00e4ck, 50, d\u00f6md av Ryssland: \u201dL\u00f6jligt\u201d<\/a>&nbsp;&nbsp;Aftonbladet<\/li>\n<li><a href=\"https:\/\/news.google.com\/rss\/articles\/CBMimwFBVV95cUxPNmVVempvUU1PUm5OYmJRWnZmZkhfQkVRUjNsVWtlamxsVWdVU1NlNmNwLWU4TGtPZG1aNi1FQkhacEttNlViSmwxYWVqaDhQMzNOYV9yc1A5c29VZWY0WHpIX3ctMkNUcU9GMXVMQXhNd09UQ2llNHlzVUlFeWRRMVZlaGtreUJIMVV5UEZ5UTRpYmc4bEhleENsRQ?oc=5\" target=\"_blank\" rel=\"nofollow noopener\">Svenske Christopher Forsb\u00e4ck d\u00f6md f\u00f6r terrorbrott i Ryssland<\/a>&nbsp;&nbsp;SVT Nyheter<\/li>\n<li><a href=\"https:\/\/news.google.com\/rss\/articles\/CBMilAFBVV95cUxNTVFYeWRCYXlydE5vWkMwaUl6b1VVS3NzUWlta0YwczdMa3lYcm1YcWk1ZlItajViYkEzRS11d291N2g2azVrdGZnQ0lBZG5yaGJqNVZyMEREQ2hZZ2Q5WHBsTTZYLWhQemkta1hVY3Yza2dGQUViM1JFcEdIUmtxQjNhQmFLcVBqc21qR1FxdHRITnhC?oc=5\" target=\"_blank\" rel=\"nofollow noopener\">Rysk milit\u00e4rdomstol har d\u00f6mt svensk man f\u00f6r terrorism<\/a>&nbsp;&nbsp;Sveriges Radio<\/li>\n<li><a href=\"https:\/\/news.google.com\/rss\/articles\/CBMiigFBVV95cUxQOEl5b1ctNmI1NlpKelZRT2R1bjRoZExNZU0tUExUTk9YMXhKUjc5SW5NUzhzVVI1M2NWRzRCRGtiUGVJdGhrLV9mbmlyVm9iYmJHUXNpUDAtRjRTSUdwMU5HSG1jZm8xb1JQeEFVS201dlQxYTdCNU03T25PQjBveVNZV2kyRVM3QXc?oc=5\" target=\"_blank\" rel=\"nofollow noopener\">Svensk d\u00f6md i Ryssland f\u00f6r terrorbrott<\/a>&nbsp;&nbsp;Aftonbladet<\/li>\n<\/ol>\n","protected":false},"excerpt":{"rendered":"Terrord\u00f6mde Christopher: \u201dK\u00e4nner mig smickrad\u201d&nbsp;&nbsp;Omni Christopher Forsb\u00e4ck, 50, d\u00f6md av Ryssland: \u201dL\u00f6jligt\u201d&nbsp;&nbsp;Aftonbladet Svenske Christopher Forsb\u00e4ck d\u00f6md f\u00f6r terrorbrott&hellip;\n","protected":false},"author":2,"featured_media":116852,"comment_status":"","ping_status":"","sticky":false,"template":"","format":"standard","meta":{"footnotes":""},"categories":[5],"tags":[22,23,267,26,27,17,21,5131,24,25,28,29,15,16,18,269,264,34,31,33,32,30,19,20,263],"class_list":{"0":"post-116851","1":"post","2":"type-post","3":"status-publish","4":"format-standard","5":"has-post-thumbnail","7":"category-rubriker","8":"tag-breaking-news","9":"tag-breakingnews","10":"tag-europa","11":"tag-featured-news","12":"tag-featurednews","13":"tag-headlines","14":"tag-huvudnyheter","15":"tag-joakim-paasikivi","16":"tag-latest-news","17":"tag-latestnews","18":"tag-main-news","19":"tag-mainnews","20":"tag-news","21":"tag-nyheter","22":"tag-rubriker","23":"tag-ryska-invasionen","24":"tag-ryssland","25":"tag-se","26":"tag-svenska","27":"tag-sverige","28":"tag-sweden","29":"tag-swedish","30":"tag-top-stories","31":"tag-topstories","32":"tag-ukraina"},"share_on_mastodon":{"url":"https:\/\/pubeurope.com\/@se\/115781959922272597","error":""},"_links":{"self":[{"href":"https:\/\/www.europesays.com\/se\/wp-json\/wp\/v2\/posts\/116851","targetHints":{"allow":["GET"]}}],"collection":[{"href":"https:\/\/www.europesays.com\/se\/wp-json\/wp\/v2\/posts"}],"about":[{"href":"https:\/\/www.europesays.com\/se\/wp-json\/wp\/v2\/types\/post"}],"author":[{"embeddable":true,"href":"https:\/\/www.europesays.com\/se\/wp-json\/wp\/v2\/users\/2"}],"replies":[{"embeddable":true,"href":"https:\/\/www.europesays.com\/se\/wp-json\/wp\/v2\/comments?post=116851"}],"version-history":[{"count":0,"href":"https:\/\/www.europesays.com\/se\/wp-json\/wp\/v2\/posts\/116851\/revisions"}],"wp:featuredmedia":[{"embeddable":true,"href":"https:\/\/www.europesays.com\/se\/wp-json\/wp\/v2\/media\/116852"}],"wp:attachment":[{"href":"https:\/\/www.europesays.com\/se\/wp-json\/wp\/v2\/media?parent=116851"}],"wp:term":[{"taxonomy":"category","embeddable":true,"href":"https:\/\/www.europesays.com\/se\/wp-json\/wp\/v2\/categories?post=116851"},{"taxonomy":"post_tag","embeddable":true,"href":"https:\/\/www.europesays.com\/se\/wp-json\/wp\/v2\/tags?post=116851"}],"curies":[{"name":"wp","href":"https:\/\/api.w.org\/{rel}","templated":true}]}}