{"id":116853,"date":"2025-12-25T19:58:08","date_gmt":"2025-12-25T19:58:08","guid":{"rendered":"https:\/\/www.europesays.com\/se\/116853\/"},"modified":"2025-12-25T19:58:08","modified_gmt":"2025-12-25T19:58:08","slug":"svenska-investeringarna-tvarvander-styrkebesked","status":"publish","type":"post","link":"https:\/\/www.europesays.com\/se\/116853\/","title":{"rendered":"Svenska investeringarna tv\u00e4rv\u00e4nder: \u201dStyrkebesked\u201d"},"content":{"rendered":"<p>N\u00e4ringslivets investeringar har v\u00e4nt fr\u00e5n nedg\u00e5ng till uppg\u00e5ng under 2025 och v\u00e4ntas ge tydlig draghj\u00e4lp \u00e5t konjunkturen n\u00e4sta \u00e5r, skriver DI. <\/p>\n<p>Svenskt N\u00e4ringsliv har i december skruvat upp prognosen f\u00f6r s\u00e5 kallade fasta bruttoinvesteringar till 1,1 procents tillv\u00e4xt i \u00e5r och 5,5 procent 2026.<\/p>\n<p>\u2013 Att v\u00e5ra stora multinationella f\u00f6retag v\u00e4ljer att investera i Sverige \u00e4r ett styrkebesked och ger ringar p\u00e5 vattnet i ekonomin, s\u00e4ger Sven-Olov Daunfeldt, chefsekonom p\u00e5 Svenskt N\u00e4ringsliv. <\/p>\n<p>Omni \u00e4r politiskt obundna och oberoende. Vi str\u00e4var efter att ge fler perspektiv p\u00e5 nyheterna. Har du fr\u00e5gor eller synpunkter kring v\u00e5r rapportering? <a href=\"https:\/\/omni.se\/svenska-investeringarna-tvarvander-styrkebesked\/a\/mailto:redaktion@omni.se\" class=\"ArticleActions_contactLink__W2F1M\" rel=\"nofollow noopener\" target=\"_blank\">Kontakta redaktionen<\/a><\/p>\n","protected":false},"excerpt":{"rendered":"N\u00e4ringslivets investeringar har v\u00e4nt fr\u00e5n nedg\u00e5ng till uppg\u00e5ng under 2025 och v\u00e4ntas ge tydlig draghj\u00e4lp \u00e5t konjunkturen n\u00e4sta&hellip;\n","protected":false},"author":2,"featured_media":116854,"comment_status":"","ping_status":"","sticky":false,"template":"","format":"standard","meta":{"footnotes":""},"categories":[65],"tags":[72,70,71,1887,324,320,34,12566,31,1250,33,32,30],"class_list":{"0":"post-116853","1":"post","2":"type-post","3":"status-publish","4":"format-standard","5":"has-post-thumbnail","7":"category-ekonomi","8":"tag-business","9":"tag-economy","10":"tag-ekonomi","11":"tag-industri-tillverkning","12":"tag-makroekonomi","13":"tag-makroprognoser","14":"tag-se","15":"tag-sven-olov-daunfeldt","16":"tag-svenska","17":"tag-svenskt-naringsliv","18":"tag-sverige","19":"tag-sweden","20":"tag-swedish"},"share_on_mastodon":{"url":"https:\/\/pubeurope.com\/@se\/115781979540321876","error":""},"_links":{"self":[{"href":"https:\/\/www.europesays.com\/se\/wp-json\/wp\/v2\/posts\/116853","targetHints":{"allow":["GET"]}}],"collection":[{"href":"https:\/\/www.europesays.com\/se\/wp-json\/wp\/v2\/posts"}],"about":[{"href":"https:\/\/www.europesays.com\/se\/wp-json\/wp\/v2\/types\/post"}],"author":[{"embeddable":true,"href":"https:\/\/www.europesays.com\/se\/wp-json\/wp\/v2\/users\/2"}],"replies":[{"embeddable":true,"href":"https:\/\/www.europesays.com\/se\/wp-json\/wp\/v2\/comments?post=116853"}],"version-history":[{"count":0,"href":"https:\/\/www.europesays.com\/se\/wp-json\/wp\/v2\/posts\/116853\/revisions"}],"wp:featuredmedia":[{"embeddable":true,"href":"https:\/\/www.europesays.com\/se\/wp-json\/wp\/v2\/media\/116854"}],"wp:attachment":[{"href":"https:\/\/www.europesays.com\/se\/wp-json\/wp\/v2\/media?parent=116853"}],"wp:term":[{"taxonomy":"category","embeddable":true,"href":"https:\/\/www.europesays.com\/se\/wp-json\/wp\/v2\/categories?post=116853"},{"taxonomy":"post_tag","embeddable":true,"href":"https:\/\/www.europesays.com\/se\/wp-json\/wp\/v2\/tags?post=116853"}],"curies":[{"name":"wp","href":"https:\/\/api.w.org\/{rel}","templated":true}]}}