{"id":116855,"date":"2025-12-25T20:01:36","date_gmt":"2025-12-25T20:01:36","guid":{"rendered":"https:\/\/www.europesays.com\/se\/116855\/"},"modified":"2025-12-25T20:01:36","modified_gmt":"2025-12-25T20:01:36","slug":"stor-polisinsats-i-boden-personer-forda-till-sjukhus","status":"publish","type":"post","link":"https:\/\/www.europesays.com\/se\/116855\/","title":{"rendered":"Stor polisinsats i Boden \u2013 personer f\u00f6rda till sjukhus"},"content":{"rendered":"<p>Polisen larmades vid 12-tiden p\u00e5 juldagen om en misst\u00e4nkt misshandel i en villa i Boden. Enligt uppgifterna hade en man skadat personer p\u00e5 platsen med ett tillhygge.<\/p>\n<p>P\u00e5 adressen hittades en avliden kvinna i 55-\u00e5rs\u00e5ldern.<\/p>\n<p>\u201dI samband med att polisen ska gripa mannen, som \u00e4r i 20-\u00e5rs\u00e5ldern, uppst\u00e5r en situation som leder till att polisen skjuter verkanseld mot honom\u201d, skriver polisen p\u00e5 sin hemsida.<\/p>\n<p>Tv\u00e5 andra personer f\u00f6rdes till sjukhus med ok\u00e4nt skadel\u00e4ge. Polisen vill inte kommentera varken k\u00f6n eller \u00e5lder p\u00e5 de skadade. B\u00e5da har en relation till den avlidna kvinnan.<\/p>\n<p>Ingen polis skadades under ingripandet. Presstalespersonen Marie Andersson vill inte g\u00e5 in p\u00e5 vad som fick patrullen att avlossa skott mot mannen.<\/p>\n<p>N\u00e4r poliser anv\u00e4nder sitt tj\u00e4nstevapen under en insats inleds alltid en f\u00f6runders\u00f6kning, som bedrivs av \u00e5klagare fr\u00e5n S\u00e4rskilda \u00e5klagarkammaren och polisens avdelning f\u00f6r s\u00e4rskilda utredningar. B\u00e5de avdelningarna \u00e4r skilda fr\u00e5n myndigheternas \u00f6vriga verksamhet.<\/p>\n<p><strong>Enligt tidiga uppgifter<\/strong> hade mannen ingen relation till personerna som befann sig i huset. Motivbilden kommer nu att utredas.<\/p>\n<p>H\u00e4ndelsen utreds som mord och f\u00f6rs\u00f6k till mord.<\/p>\n<p>Stora delar av ett villakvarter har sp\u00e4rrats av, enligt DN:s reporter p\u00e5 plats. Polisen befinner sig fortfarande p\u00e5 plats och trafik leds om.<\/p>\n<p>En boende i kvarteret s\u00e4ger till <a href=\"https:\/\/www.aftonbladet.se\/nyheter\/a\/vrQn9w\/just-nu-polisinsats-i-boden\" rel=\"nofollow noopener\" target=\"_blank\">Aftonbladet<\/a> att det vanligtvis \u00e4r lugnt omr\u00e5de.<\/p>\n<p>\u2013 Vi \u00e4r lite chockade h\u00e4r, s\u00e4ger personen.<\/p>\n","protected":false},"excerpt":{"rendered":"Polisen larmades vid 12-tiden p\u00e5 juldagen om en misst\u00e4nkt misshandel i en villa i Boden. Enligt uppgifterna hade&hellip;\n","protected":false},"author":2,"featured_media":116856,"comment_status":"","ping_status":"","sticky":false,"template":"","format":"standard","meta":{"footnotes":""},"categories":[5],"tags":[22,23,26,27,17,21,24,25,28,29,15,16,18,34,31,33,32,30,19,20],"class_list":{"0":"post-116855","1":"post","2":"type-post","3":"status-publish","4":"format-standard","5":"has-post-thumbnail","7":"category-rubriker","8":"tag-breaking-news","9":"tag-breakingnews","10":"tag-featured-news","11":"tag-featurednews","12":"tag-headlines","13":"tag-huvudnyheter","14":"tag-latest-news","15":"tag-latestnews","16":"tag-main-news","17":"tag-mainnews","18":"tag-news","19":"tag-nyheter","20":"tag-rubriker","21":"tag-se","22":"tag-svenska","23":"tag-sverige","24":"tag-sweden","25":"tag-swedish","26":"tag-top-stories","27":"tag-topstories"},"share_on_mastodon":{"url":"https:\/\/pubeurope.com\/@se\/115781991338389488","error":""},"_links":{"self":[{"href":"https:\/\/www.europesays.com\/se\/wp-json\/wp\/v2\/posts\/116855","targetHints":{"allow":["GET"]}}],"collection":[{"href":"https:\/\/www.europesays.com\/se\/wp-json\/wp\/v2\/posts"}],"about":[{"href":"https:\/\/www.europesays.com\/se\/wp-json\/wp\/v2\/types\/post"}],"author":[{"embeddable":true,"href":"https:\/\/www.europesays.com\/se\/wp-json\/wp\/v2\/users\/2"}],"replies":[{"embeddable":true,"href":"https:\/\/www.europesays.com\/se\/wp-json\/wp\/v2\/comments?post=116855"}],"version-history":[{"count":0,"href":"https:\/\/www.europesays.com\/se\/wp-json\/wp\/v2\/posts\/116855\/revisions"}],"wp:featuredmedia":[{"embeddable":true,"href":"https:\/\/www.europesays.com\/se\/wp-json\/wp\/v2\/media\/116856"}],"wp:attachment":[{"href":"https:\/\/www.europesays.com\/se\/wp-json\/wp\/v2\/media?parent=116855"}],"wp:term":[{"taxonomy":"category","embeddable":true,"href":"https:\/\/www.europesays.com\/se\/wp-json\/wp\/v2\/categories?post=116855"},{"taxonomy":"post_tag","embeddable":true,"href":"https:\/\/www.europesays.com\/se\/wp-json\/wp\/v2\/tags?post=116855"}],"curies":[{"name":"wp","href":"https:\/\/api.w.org\/{rel}","templated":true}]}}