{"id":116869,"date":"2025-12-25T20:17:07","date_gmt":"2025-12-25T20:17:07","guid":{"rendered":"https:\/\/www.europesays.com\/se\/116869\/"},"modified":"2025-12-25T20:17:07","modified_gmt":"2025-12-25T20:17:07","slug":"svensk-domd-i-ryssland-har-stridit-for-ukraina-hufvudstadsbladet","status":"publish","type":"post","link":"https:\/\/www.europesays.com\/se\/116869\/","title":{"rendered":"Svensk d\u00f6md i Ryssland \u2013 har stridit f\u00f6r Ukraina &#8211; Hufvudstadsbladet"},"content":{"rendered":"<ol>\n<li><a href=\"https:\/\/news.google.com\/rss\/articles\/CBMigwFBVV95cUxOak4zVzZubmc0amhLWFYtQWRwWnNZQXpMX2RpcXJvb0dJSW9EaVM4MFJzVW5DOWFYQW92Y3hwbzRPazZ2ZWlVQmVpY1BXYjRWT0ZZSVBRVy04NXdYY0YwOTV5Nkc5MUFaMEVFeDgzTWNRLXMxbTZBWVhGdnlIc3d0em4zbw?oc=5\" target=\"_blank\" rel=\"nofollow noopener\">Svensk d\u00f6md i Ryssland \u2013 har stridit f\u00f6r Ukraina<\/a>&nbsp;&nbsp;Hufvudstadsbladet<\/li>\n<li><a href=\"https:\/\/news.google.com\/rss\/articles\/CBMijAFBVV95cUxQVnh0bmNtbGRzZnN2R2o5SkZPZl9HOEY3RkNrV1hLYUl3REk1RjNiaTBaX1pBb2JBa29meTA0WWRJWjB5aW1wT2Z1cDcxVFgybmpZbk5kNWlmdHA3WHMzUDFVeHR1cWxyUWs0QThxVlE2Q2ZBTl8wX1FfUUhwT0dOMXVveEdmYnY2cXpJZw?oc=5\" target=\"_blank\" rel=\"nofollow noopener\">Christopher Forsb\u00e4ck, 50, d\u00f6md av Ryssland: \u201dL\u00f6jligt\u201d<\/a>&nbsp;&nbsp;Aftonbladet<\/li>\n<li><a href=\"https:\/\/news.google.com\/rss\/articles\/CBMimwFBVV95cUxPNmVVempvUU1PUm5OYmJRWnZmZkhfQkVRUjNsVWtlamxsVWdVU1NlNmNwLWU4TGtPZG1aNi1FQkhacEttNlViSmwxYWVqaDhQMzNOYV9yc1A5c29VZWY0WHpIX3ctMkNUcU9GMXVMQXhNd09UQ2llNHlzVUlFeWRRMVZlaGtreUJIMVV5UEZ5UTRpYmc4bEhleENsRQ?oc=5\" target=\"_blank\" rel=\"nofollow noopener\">Svenske Christopher Forsb\u00e4ck d\u00f6md f\u00f6r terrorbrott i Ryssland<\/a>&nbsp;&nbsp;SVT Nyheter<\/li>\n<li><a href=\"https:\/\/news.google.com\/rss\/articles\/CBMilAFBVV95cUxNTVFYeWRCYXlydE5vWkMwaUl6b1VVS3NzUWlta0YwczdMa3lYcm1YcWk1ZlItajViYkEzRS11d291N2g2azVrdGZnQ0lBZG5yaGJqNVZyMEREQ2hZZ2Q5WHBsTTZYLWhQemkta1hVY3Yza2dGQUViM1JFcEdIUmtxQjNhQmFLcVBqc21qR1FxdHRITnhC?oc=5\" target=\"_blank\" rel=\"nofollow noopener\">Rysk milit\u00e4rdomstol har d\u00f6mt svensk man f\u00f6r terrorism<\/a>&nbsp;&nbsp;Sveriges Radio<\/li>\n<li><a href=\"https:\/\/news.google.com\/rss\/articles\/CBMiigFBVV95cUxQOEl5b1ctNmI1NlpKelZRT2R1bjRoZExNZU0tUExUTk9YMXhKUjc5SW5NUzhzVVI1M2NWRzRCRGtiUGVJdGhrLV9mbmlyVm9iYmJHUXNpUDAtRjRTSUdwMU5HSG1jZm8xb1JQeEFVS201dlQxYTdCNU03T25PQjBveVNZV2kyRVM3QXc?oc=5\" target=\"_blank\" rel=\"nofollow noopener\">Svensk d\u00f6md i Ryssland f\u00f6r terrorbrott<\/a>&nbsp;&nbsp;Aftonbladet<\/li>\n<\/ol>\n","protected":false},"excerpt":{"rendered":"Svensk d\u00f6md i Ryssland \u2013 har stridit f\u00f6r Ukraina&nbsp;&nbsp;Hufvudstadsbladet Christopher Forsb\u00e4ck, 50, d\u00f6md av Ryssland: \u201dL\u00f6jligt\u201d&nbsp;&nbsp;Aftonbladet Svenske Christopher&hellip;\n","protected":false},"author":2,"featured_media":116870,"comment_status":"","ping_status":"","sticky":false,"template":"","format":"standard","meta":{"footnotes":""},"categories":[14],"tags":[22,23,26,27,17,21,24,25,28,29,15,16,18,34,31,33,32,30,19,20,51,52,53,54],"class_list":{"0":"post-116869","1":"post","2":"type-post","3":"status-publish","4":"format-standard","5":"has-post-thumbnail","7":"category-varlden","8":"tag-breaking-news","9":"tag-breakingnews","10":"tag-featured-news","11":"tag-featurednews","12":"tag-headlines","13":"tag-huvudnyheter","14":"tag-latest-news","15":"tag-latestnews","16":"tag-main-news","17":"tag-mainnews","18":"tag-news","19":"tag-nyheter","20":"tag-rubriker","21":"tag-se","22":"tag-svenska","23":"tag-sverige","24":"tag-sweden","25":"tag-swedish","26":"tag-top-stories","27":"tag-topstories","28":"tag-varlden","29":"tag-world","30":"tag-world-news","31":"tag-worldnews"},"share_on_mastodon":{"url":"https:\/\/pubeurope.com\/@se\/115782054342213396","error":""},"_links":{"self":[{"href":"https:\/\/www.europesays.com\/se\/wp-json\/wp\/v2\/posts\/116869","targetHints":{"allow":["GET"]}}],"collection":[{"href":"https:\/\/www.europesays.com\/se\/wp-json\/wp\/v2\/posts"}],"about":[{"href":"https:\/\/www.europesays.com\/se\/wp-json\/wp\/v2\/types\/post"}],"author":[{"embeddable":true,"href":"https:\/\/www.europesays.com\/se\/wp-json\/wp\/v2\/users\/2"}],"replies":[{"embeddable":true,"href":"https:\/\/www.europesays.com\/se\/wp-json\/wp\/v2\/comments?post=116869"}],"version-history":[{"count":0,"href":"https:\/\/www.europesays.com\/se\/wp-json\/wp\/v2\/posts\/116869\/revisions"}],"wp:featuredmedia":[{"embeddable":true,"href":"https:\/\/www.europesays.com\/se\/wp-json\/wp\/v2\/media\/116870"}],"wp:attachment":[{"href":"https:\/\/www.europesays.com\/se\/wp-json\/wp\/v2\/media?parent=116869"}],"wp:term":[{"taxonomy":"category","embeddable":true,"href":"https:\/\/www.europesays.com\/se\/wp-json\/wp\/v2\/categories?post=116869"},{"taxonomy":"post_tag","embeddable":true,"href":"https:\/\/www.europesays.com\/se\/wp-json\/wp\/v2\/tags?post=116869"}],"curies":[{"name":"wp","href":"https:\/\/api.w.org\/{rel}","templated":true}]}}