{"id":116874,"date":"2025-12-25T20:22:14","date_gmt":"2025-12-25T20:22:14","guid":{"rendered":"https:\/\/www.europesays.com\/se\/116874\/"},"modified":"2025-12-25T20:22:14","modified_gmt":"2025-12-25T20:22:14","slug":"taylor-swift-tokhyllar-svenska-jultraditionen","status":"publish","type":"post","link":"https:\/\/www.europesays.com\/se\/116874\/","title":{"rendered":"Taylor Swift tokhyllar svenska jultraditionen"},"content":{"rendered":"<p>Publicerad 25 dec 2025 kl 20.58<\/p>\n<p>\u201dGo joul\u201d, h\u00e4lsar Taylor Swift i dokument\u00e4ren \u201dThe end of an era\u201d.<\/p>\n<p>Samtidigt som hon testar svensk gl\u00f6gg f\u00f6r f\u00f6rsta g\u00e5ngen \u2013 ihop med musikproducenterna Max Martin och Johan \u201dShellback\u201d Schuster.<\/p>\n<p>\u2013 Jag \u00e4r sp\u00e4nd, s\u00e4ger v\u00e4rldsstj\u00e4rnan.<\/p>\n<p><img loading=\"lazy\"   alt=\"\"\/><\/p>\n<p>Taylor Swift.<\/p>\n<p>Foto: SGSAN \/ GLOAD 1.0.0.55<\/p>\n<p>\u00d6ppna bild i helsk\u00e4rm<img loading=\"lazy\"   alt=\"\"\/><\/p>\n<p>H\u00e4r f\u00e5r v\u00e4rldsstj\u00e4rnan prova p\u00e5 en svensk jultradition.<\/p>\n<p>Foto: Privat \/ Disney+<\/p>\n<p>\u00d6ppna bild i helsk\u00e4rm<img loading=\"lazy\"   alt=\"\"\/><\/p>\n<p>Taylor Swift testar svensk gl\u00f6gg ihop med Max Martin.<\/p>\n<p>Foto: Privat \/ Disney+<\/p>\n<p>\u00d6ppna bild i helsk\u00e4rm<img loading=\"lazy\"   alt=\"\"\/><\/p>\n<p>Johan \u201dShellback\u201d Schuster \u00e4r ocks\u00e5 med och julfirar med gl\u00f6gg.<\/p>\n<p>\u00d6ppna bild i helsk\u00e4rm<img loading=\"lazy\"   alt=\"\"\/>\u00d6ppna bild i helsk\u00e4rm<\/p>\n<p>N\u00e4r <a href=\"https:\/\/www.expressen.se\/tagg\/person\/taylor-swift\/\" class=\"\" rel=\"nofollow noopener\" target=\"_blank\">Taylor Swift<\/a> var i Sverige f\u00f6r att spela in sitt senaste album \u201dThe life of a showgirl\u201d passade hon p\u00e5 att testa en svensk jultradition: gl\u00f6gg.<\/p>\n<p>I en sekvens i det n\u00e4st sista avsnittet av dokument\u00e4rserien \u201dThe end of an era\u201d p\u00e5 <a href=\"https:\/\/www.disneyplus.com\/sv-se\/play\/b04c09fe-1964-4e44-87ba-4b35f154255a\" rel=\"nofollow noopener\" target=\"_blank\">Disney Plus<\/a>, testar hon den s\u00f6ta, varma drycken.<\/p>\n<p>Tillsammans med de svenska musikproducenterna Max Martin och Johan \u201dShellback\u201d Schuster, som hon har skrivit albumet med, dricker hon gl\u00f6ggen med mandlar och russin i.<\/p>\n<p>\u2013 Jag \u00e4r sp\u00e4nd, s\u00e4ger artisten innan hon tar en klunk.<\/p>\n<p>Vad blir d\u00e5 v\u00e4rldsstj\u00e4rnans dom f\u00f6r den svenska jultraditionen?<\/p>\n<p>\u2013 Det \u00e4r j\u00e4ttegott. Det \u00e4r otroligt, utbrister hon och sk\u00e5lar med Max Martin.<\/p>\n<p><img loading=\"lazy\"   alt=\"\"\/><\/p>\n<p>Domen: J\u00e4ttegott.<\/p>\n<p>Foto: Privat \/ Disney+<\/p>\n<p>\u00d6ppna bild i helsk\u00e4rm<\/p>\n<p>\u2013 God jul, s\u00e4ger Max Martin och parh\u00e4sten \u201dShellback\u201d st\u00e4mmer in:<\/p>\n<p>\u2013 God jul, merry christmas, s\u00e4ger han.<\/p>\n<p>Artisten h\u00e4rmar d\u00e5 sina musikkolleger:<\/p>\n<p>\u2013 Go joul, s\u00e4ger hon p\u00e5 svenska och tittar in i kameran.<\/p>\n","protected":false},"excerpt":{"rendered":"Publicerad 25 dec 2025 kl 20.58 \u201dGo joul\u201d, h\u00e4lsar Taylor Swift i dokument\u00e4ren \u201dThe end of an era\u201d.&hellip;\n","protected":false},"author":2,"featured_media":116875,"comment_status":"","ping_status":"","sticky":false,"template":"","format":"standard","meta":{"footnotes":""},"categories":[67],"tags":[104,2391,776,34,31,33,32,30,402,5174,2830,105],"class_list":{"0":"post-116874","1":"post","2":"type-post","3":"status-publish","4":"format-standard","5":"has-post-thumbnail","7":"category-underhallning","8":"tag-entertainment","9":"tag-organization-disney-plus","10":"tag-person-taylor-swift","11":"tag-se","12":"tag-svenska","13":"tag-sverige","14":"tag-sweden","15":"tag-swedish","16":"tag-topic-artister","17":"tag-topic-dokumentar","18":"tag-topic-jul","19":"tag-underhallning"},"share_on_mastodon":{"url":"https:\/\/pubeurope.com\/@se\/115782073917666359","error":""},"_links":{"self":[{"href":"https:\/\/www.europesays.com\/se\/wp-json\/wp\/v2\/posts\/116874","targetHints":{"allow":["GET"]}}],"collection":[{"href":"https:\/\/www.europesays.com\/se\/wp-json\/wp\/v2\/posts"}],"about":[{"href":"https:\/\/www.europesays.com\/se\/wp-json\/wp\/v2\/types\/post"}],"author":[{"embeddable":true,"href":"https:\/\/www.europesays.com\/se\/wp-json\/wp\/v2\/users\/2"}],"replies":[{"embeddable":true,"href":"https:\/\/www.europesays.com\/se\/wp-json\/wp\/v2\/comments?post=116874"}],"version-history":[{"count":0,"href":"https:\/\/www.europesays.com\/se\/wp-json\/wp\/v2\/posts\/116874\/revisions"}],"wp:featuredmedia":[{"embeddable":true,"href":"https:\/\/www.europesays.com\/se\/wp-json\/wp\/v2\/media\/116875"}],"wp:attachment":[{"href":"https:\/\/www.europesays.com\/se\/wp-json\/wp\/v2\/media?parent=116874"}],"wp:term":[{"taxonomy":"category","embeddable":true,"href":"https:\/\/www.europesays.com\/se\/wp-json\/wp\/v2\/categories?post=116874"},{"taxonomy":"post_tag","embeddable":true,"href":"https:\/\/www.europesays.com\/se\/wp-json\/wp\/v2\/tags?post=116874"}],"curies":[{"name":"wp","href":"https:\/\/api.w.org\/{rel}","templated":true}]}}