{"id":116886,"date":"2025-12-25T20:34:26","date_gmt":"2025-12-25T20:34:26","guid":{"rendered":"https:\/\/www.europesays.com\/se\/116886\/"},"modified":"2025-12-25T20:34:26","modified_gmt":"2025-12-25T20:34:26","slug":"det-ar-jag-mest-upprord-over","status":"publish","type":"post","link":"https:\/\/www.europesays.com\/se\/116886\/","title":{"rendered":"Det \u00e4r jag mest uppr\u00f6rd \u00f6ver"},"content":{"rendered":"<p class=\"boxtextgrotesk-root_baa6 hyperion-css-7pajle\">Uppdaterad 14.29 | Publicerad 13.50<\/p>\n<p>share-arrowDela<\/p>\n<p>unsaveSpara<\/p>\n<p>expand-left<\/p>\n<p>helsk\u00e4rm<img decoding=\"async\" class=\"image-asset hyperion-css-u06ts1\" data-test-tag=\"image-asset\" src=\"https:\/\/www.europesays.com\/se\/wp-content\/uploads\/2025\/12\/1ce9d5f9-6a26-434a-9b88-76d2a2740d75\"  alt=\"Bonusprinsen Marius Borg H\u00f8iby anklagas bland annat f\u00f6r fyra v\u00e5ldt\u00e4kter.\"  loading=\"eager\" fetchpriority=\"high\" style=\"aspect-ratio:1855 \/ 1044\"\/>Bonusprinsen Marius Borg H\u00f8iby anklagas bland annat f\u00f6r fyra v\u00e5ldt\u00e4kter. Foto: Lise \u00c5serud \/ NTB<\/p>\n<p class=\"hyperion-css-1shl3oz\" data-test-tag=\"lead-text\">Skandalen runt Marius Borg H\u00f8iby \u00f6verskuggar allt i NRK:s \u00e5ret med kungafamiljen.<\/p>\n<p class=\"hyperion-css-1shl3oz\" data-test-tag=\"lead-text\">D\u00e4r uttalar sig mamma Mette-Marit sig f\u00f6r f\u00f6rsta g\u00e5ngen om anklagelserna mot sonen.<\/p>\n<p class=\"hyperion-css-1shl3oz\" data-test-tag=\"lead-text\">\u2013 Det jag kanske \u00e4r mest uppr\u00f6rd \u00f6ver \u00e4r att bli kritiserad f\u00f6r hur vi har hanterat det som f\u00f6r\u00e4ldrar, s\u00e4ger hon.<\/p>\n<p class=\"hyperion-css-1v9qo5x\">Om en m\u00e5nad inleds r\u00e4tteg\u00e5ngen mot Marius Borg H\u00f8iby, som anklagas f\u00f6r bland annat fyra v\u00e5ldt\u00e4kter och riskerar tio \u00e5rs f\u00e4ngelse.<\/p>\n<p class=\"hyperion-css-1v9qo5x\">\u2013 Det \u00e4r n\u00e5got som inte g\u00e5r att f\u00f6rbereda sig p\u00e5 tror jag, s\u00e4ger kung Harald till NRK.<\/p>\n<p class=\"hyperion-css-1v9qo5x\">Varken han eller drottning Sonja s\u00e4ger att de ser fram emot vad som v\u00e4ntar.<\/p>\n<p class=\"hyperion-css-1v9qo5x\">\u2013 Samtidigt vill jag s\u00e4ga att vi k\u00e4nner med alla som \u00e4r drabbade. Inte bara i v\u00e5r egen familj, utan \u00e4ven alla andra som \u00e4r drabbade. Vi k\u00e4nner med dem och hoppas att de m\u00e5r bra och blir b\u00e4ttre efter r\u00e4tteg\u00e5ngen.<\/p>\n<p class=\"hyperion-css-1v9qo5x\">I programmet uttalar sig \u00e4ven kronprinsessan Mette-Marit f\u00f6r f\u00f6rsta g\u00e5ngen om anklagelserna mot sonen, skriver NRK.<\/p>\n<p class=\"hyperion-css-1v9qo5x\">\u2013 Jag tycker att det har varit ganska kr\u00e4vande att bli anklagad f\u00f6r s\u00e5 allvarliga saker, vilket jag naturligtvis inte har gjort, s\u00e4ger hon.<\/p>\n<p class=\"hyperion-css-1v9qo5x\">\u2013 Det jag kanske \u00e4r mest uppr\u00f6rd \u00f6ver \u00e4r att bli kritiserad f\u00f6r hur vi har hanterat det som f\u00f6r\u00e4ldrar. Att vi inte har tagit det p\u00e5 allvar. Det tycker jag \u00e4r jobbigt.<\/p>\n<p>chevron-leftf\u00f6reg\u00e5ende<\/p>\n<ul class=\"carousel-container-viewport\" style=\"transform:translate3d(0%, 0, 0)\">\n<li class=\"carousel-slide\" style=\"z-index:1;filter:none(1);padding-bottom:80.68421%\"><img decoding=\"async\" class=\"image-asset hyperion-css-u06ts1\" data-test-tag=\"image-asset\" src=\"https:\/\/www.europesays.com\/se\/wp-content\/uploads\/2025\/12\/0d1a1416-b0bc-4fff-b2fd-16ec08178e98\"  alt=\"\"  fetchpriority=\"auto\" style=\"aspect-ratio:1900 \/ 1533\"\/><\/li>\n<li class=\"carousel-slide\" style=\"filter:none(0.3);padding-bottom:80.68421%\"><img decoding=\"async\" class=\"image-asset hyperion-css-u06ts1\" data-test-tag=\"image-asset\" src=\"https:\/\/www.europesays.com\/se\/wp-content\/uploads\/2025\/12\/bc2d3348-1332-4cc9-9084-5f0cc63a3e38\"  alt=\"\"  fetchpriority=\"auto\" style=\"aspect-ratio:1900 \/ 1069\"\/><\/li>\n<\/ul>\n<p>expand-left<\/p>\n<p>helsk\u00e4rmchevron-rightn\u00e4staKronprinsessan Mette-Marit, mamma till Marius Borg H\u00f8iby.<\/p>\n<p>1 \/ 2Foto: Lise \u00c5serud \/ NTB<\/p>\n<p><img decoding=\"async\" src=\"https:\/\/www.europesays.com\/se\/wp-content\/uploads\/2025\/09\/4221b9c07f054710beb6b6ea43a3f265.jpg\" class=\"thumbnail-image_fbfd\" alt=\"Julspecial 2025\"\/><\/p>\n","protected":false},"excerpt":{"rendered":"Uppdaterad 14.29 | Publicerad 13.50 share-arrowDela unsaveSpara expand-left helsk\u00e4rmBonusprinsen Marius Borg H\u00f8iby anklagas bland annat f\u00f6r fyra v\u00e5ldt\u00e4kter.&hellip;\n","protected":false},"author":2,"featured_media":116887,"comment_status":"","ping_status":"","sticky":false,"template":"","format":"standard","meta":{"footnotes":""},"categories":[14],"tags":[22,23,26,27,17,21,24,25,28,29,15,16,18,34,31,33,32,30,19,20,51,52,53,54],"class_list":{"0":"post-116886","1":"post","2":"type-post","3":"status-publish","4":"format-standard","5":"has-post-thumbnail","7":"category-varlden","8":"tag-breaking-news","9":"tag-breakingnews","10":"tag-featured-news","11":"tag-featurednews","12":"tag-headlines","13":"tag-huvudnyheter","14":"tag-latest-news","15":"tag-latestnews","16":"tag-main-news","17":"tag-mainnews","18":"tag-news","19":"tag-nyheter","20":"tag-rubriker","21":"tag-se","22":"tag-svenska","23":"tag-sverige","24":"tag-sweden","25":"tag-swedish","26":"tag-top-stories","27":"tag-topstories","28":"tag-varlden","29":"tag-world","30":"tag-world-news","31":"tag-worldnews"},"share_on_mastodon":{"url":"https:\/\/pubeurope.com\/@se\/115782121386486700","error":""},"_links":{"self":[{"href":"https:\/\/www.europesays.com\/se\/wp-json\/wp\/v2\/posts\/116886","targetHints":{"allow":["GET"]}}],"collection":[{"href":"https:\/\/www.europesays.com\/se\/wp-json\/wp\/v2\/posts"}],"about":[{"href":"https:\/\/www.europesays.com\/se\/wp-json\/wp\/v2\/types\/post"}],"author":[{"embeddable":true,"href":"https:\/\/www.europesays.com\/se\/wp-json\/wp\/v2\/users\/2"}],"replies":[{"embeddable":true,"href":"https:\/\/www.europesays.com\/se\/wp-json\/wp\/v2\/comments?post=116886"}],"version-history":[{"count":0,"href":"https:\/\/www.europesays.com\/se\/wp-json\/wp\/v2\/posts\/116886\/revisions"}],"wp:featuredmedia":[{"embeddable":true,"href":"https:\/\/www.europesays.com\/se\/wp-json\/wp\/v2\/media\/116887"}],"wp:attachment":[{"href":"https:\/\/www.europesays.com\/se\/wp-json\/wp\/v2\/media?parent=116886"}],"wp:term":[{"taxonomy":"category","embeddable":true,"href":"https:\/\/www.europesays.com\/se\/wp-json\/wp\/v2\/categories?post=116886"},{"taxonomy":"post_tag","embeddable":true,"href":"https:\/\/www.europesays.com\/se\/wp-json\/wp\/v2\/tags?post=116886"}],"curies":[{"name":"wp","href":"https:\/\/api.w.org\/{rel}","templated":true}]}}