{"id":116890,"date":"2025-12-25T20:44:14","date_gmt":"2025-12-25T20:44:14","guid":{"rendered":"https:\/\/www.europesays.com\/se\/116890\/"},"modified":"2025-12-25T20:44:14","modified_gmt":"2025-12-25T20:44:14","slug":"direkt-kriget-i-ukraina-putinkritiker-domd-till-sex-ars-fangelse","status":"publish","type":"post","link":"https:\/\/www.europesays.com\/se\/116890\/","title":{"rendered":"Direkt \u2013 Kriget i Ukraina \u2013 Putinkritiker d\u00f6md till sex \u00e5rs f\u00e4ngelse"},"content":{"rendered":"<p>M\u00e5nga ukrainare tillbringar julafton med begr\u00e4nsad str\u00f6m efter tisdagens omfattande ryska attacker mot landets energiinfrastruktur.<\/p>\n<p>Reparationerna befaras ta flera dagar, och p\u00e5 vissa h\u00e5ll i landet upp till n\u00e5gra veckor, sedan flera kraftverk och delar av det nationella eln\u00e4tet slogs ut av ryska dr\u00f6nare och robotar.<\/p>\n<p>Myndigheterna har tvingats ransonera str\u00f6mmen i flera regioner med schemalagda avbrott under ett antal timmar varje dag tills problemen \u00e4r l\u00f6sta.<\/p>\n<p>I Lviv, d\u00e4r inv\u00e5narna nu drabbas av upp till tio str\u00f6ml\u00f6sa timmar per dag, har m\u00e5nga f\u00e5tt duka fram sina julbord i ljuset av batteridrivna lampor, rapporterar nyhetsbyr\u00e5n Efes uts\u00e4nda.<\/p>\n<p>\u2013 Vi firar jul i dag, tillsammans med v\u00e5ra barn, med tolv traditionella r\u00e4tter, s\u00e4ger Lesja Kultjytska.<\/p>\n<p>\u2013 Det \u00e4r sv\u00e5ra tider, s\u00e5 det blir ett mindre p\u00e5kostat firande.<\/p>\n","protected":false},"excerpt":{"rendered":"M\u00e5nga ukrainare tillbringar julafton med begr\u00e4nsad str\u00f6m efter tisdagens omfattande ryska attacker mot landets energiinfrastruktur. Reparationerna befaras ta&hellip;\n","protected":false},"author":2,"featured_media":14013,"comment_status":"","ping_status":"","sticky":false,"template":"","format":"standard","meta":{"footnotes":""},"categories":[14],"tags":[22,23,26,27,17,21,24,25,28,29,15,16,18,34,31,33,32,30,19,20,51,52,53,54],"class_list":{"0":"post-116890","1":"post","2":"type-post","3":"status-publish","4":"format-standard","5":"has-post-thumbnail","7":"category-varlden","8":"tag-breaking-news","9":"tag-breakingnews","10":"tag-featured-news","11":"tag-featurednews","12":"tag-headlines","13":"tag-huvudnyheter","14":"tag-latest-news","15":"tag-latestnews","16":"tag-main-news","17":"tag-mainnews","18":"tag-news","19":"tag-nyheter","20":"tag-rubriker","21":"tag-se","22":"tag-svenska","23":"tag-sverige","24":"tag-sweden","25":"tag-swedish","26":"tag-top-stories","27":"tag-topstories","28":"tag-varlden","29":"tag-world","30":"tag-world-news","31":"tag-worldnews"},"share_on_mastodon":{"url":"https:\/\/pubeurope.com\/@se\/115782160447799589","error":""},"_links":{"self":[{"href":"https:\/\/www.europesays.com\/se\/wp-json\/wp\/v2\/posts\/116890","targetHints":{"allow":["GET"]}}],"collection":[{"href":"https:\/\/www.europesays.com\/se\/wp-json\/wp\/v2\/posts"}],"about":[{"href":"https:\/\/www.europesays.com\/se\/wp-json\/wp\/v2\/types\/post"}],"author":[{"embeddable":true,"href":"https:\/\/www.europesays.com\/se\/wp-json\/wp\/v2\/users\/2"}],"replies":[{"embeddable":true,"href":"https:\/\/www.europesays.com\/se\/wp-json\/wp\/v2\/comments?post=116890"}],"version-history":[{"count":0,"href":"https:\/\/www.europesays.com\/se\/wp-json\/wp\/v2\/posts\/116890\/revisions"}],"wp:featuredmedia":[{"embeddable":true,"href":"https:\/\/www.europesays.com\/se\/wp-json\/wp\/v2\/media\/14013"}],"wp:attachment":[{"href":"https:\/\/www.europesays.com\/se\/wp-json\/wp\/v2\/media?parent=116890"}],"wp:term":[{"taxonomy":"category","embeddable":true,"href":"https:\/\/www.europesays.com\/se\/wp-json\/wp\/v2\/categories?post=116890"},{"taxonomy":"post_tag","embeddable":true,"href":"https:\/\/www.europesays.com\/se\/wp-json\/wp\/v2\/tags?post=116890"}],"curies":[{"name":"wp","href":"https:\/\/api.w.org\/{rel}","templated":true}]}}