{"id":116892,"date":"2025-12-25T20:49:07","date_gmt":"2025-12-25T20:49:07","guid":{"rendered":"https:\/\/www.europesays.com\/se\/116892\/"},"modified":"2025-12-25T20:49:07","modified_gmt":"2025-12-25T20:49:07","slug":"succeprogrammet-bast-i-test-tillbaka-med-ny-sasong-vasterbottens-kuriren","status":"publish","type":"post","link":"https:\/\/www.europesays.com\/se\/116892\/","title":{"rendered":"Succ\u00e9programmet \u201cB\u00e4st i test\u201d tillbaka med ny s\u00e4song &#8211; V\u00e4sterbottens-Kuriren"},"content":{"rendered":"<ol>\n<li><a href=\"https:\/\/news.google.com\/rss\/articles\/CBMijgFBVV95cUxNMFlBRnZ1ZVk1RGtPQzZYQldCOTljUW9qNjN3QjNuWjBMTE40ZERST2h1Y0o5Z0RscnNQbmNQOWtGX3ZFZXQ5VEhwZ19jc2swMFBQMHpldVp2ZXlDQkxTZE9QNmhtNm1pS3NrN0k4ZmNzZXpTQ3dEME8zNVFRN0N6bXhwQ2c4QmlWb1BuSWd3?oc=5\" target=\"_blank\" rel=\"nofollow noopener\">Succ\u00e9programmet \u201cB\u00e4st i test\u201d tillbaka med ny s\u00e4song<\/a>&nbsp;&nbsp;V\u00e4sterbottens-Kuriren<\/li>\n<li><a href=\"https:\/\/news.google.com\/rss\/articles\/CBMijgFBVV95cUxQeG5Ec1YxWWt1Tmo3LV9FOGFXTUgtN1I1MFFrZlFMVnk2Ull3cnZuTnFSRkk0WVBibkF5TDFKQTRhcWhhUWdoRng1QUVZMnR0TmZPRVl6MnpxOFIzNENMS3NiZW5teGdIWnh6QVNCUjZocHhGYm5HcWhibHhZc09iU1V6MDg5VDA1UVlCVjNn?oc=5\" target=\"_blank\" rel=\"nofollow noopener\">Succ\u00e9programmet \u201dB\u00e4st i test\u201d tillbaka med ny s\u00e4song<\/a>&nbsp;&nbsp;SVT Nyheter<\/li>\n<li><a href=\"https:\/\/news.google.com\/rss\/articles\/CBMikwFBVV95cUxNWUprc29zU2FGaDk3NDB3VU1aMkplblB4N1BiNi1OT0xDb0hxT3ZNZllxSklMNWFOa2FZamltREk4eHRXeEViQTcyMkNEbkE5TDdkNzJRQWJ0QmtFTlRBZGo1R09IV0NiWTJWYy12TDd4aVYzUWtCbWMtY1BBNDk5NDRwR0FxZVJGd1BzNnZVSVVEV0k?oc=5\" target=\"_blank\" rel=\"nofollow noopener\">B\u00e4st i test 2026: Alla deltagare i panelen<\/a>&nbsp;&nbsp;Aftonbladet<\/li>\n<li><a href=\"https:\/\/news.google.com\/rss\/articles\/CBMiY0FVX3lxTE5SbDRVSWtPTVNEWk9xSHladFZaT1dobGlmZmlCdTRmaGo5QVB0TDZ5M253dExNRjF0QmQ2X3AyZVQ3djJWQXFhbV9qakY3SVVkWG12X1ZWeE1lQ3UzcUhWY0xJYw?oc=5\" target=\"_blank\" rel=\"nofollow noopener\">B\u00e4st i test julspecial<\/a>&nbsp;&nbsp;TV.nu<\/li>\n<li><a href=\"https:\/\/news.google.com\/rss\/articles\/CBMilAFBVV95cUxNRTZnX05aT1QtdmhtZ3dKc1cyX00yaWNWU2Q4cHI5Ty0tMWVuZU9JQlZRUFFpMnZkZ21XSEM4bUk5U0hZenVVeFN0MWJsSWkwdGlZRzJ5eVdZOGJVU0FBRDB6R0h0VU02bjFjWXVpcmxpM3VZaE1IVVlZUk1jM1ZsaWJlZGFzd0oxd0xYbUloX19YV01a?oc=5\" target=\"_blank\" rel=\"nofollow noopener\">Succ\u00e9programmet B\u00e4st i test \u00e4r tillbaka \u2013 ny s\u00e4song startar 9 januari p\u00e5 TV4<\/a>&nbsp;&nbsp;TV4 &#8211; presstj\u00e4nst<\/li>\n<\/ol>\n","protected":false},"excerpt":{"rendered":"Succ\u00e9programmet \u201cB\u00e4st i test\u201d tillbaka med ny s\u00e4song&nbsp;&nbsp;V\u00e4sterbottens-Kuriren Succ\u00e9programmet \u201dB\u00e4st i test\u201d tillbaka med ny s\u00e4song&nbsp;&nbsp;SVT Nyheter B\u00e4st&hellip;\n","protected":false},"author":2,"featured_media":116893,"comment_status":"","ping_status":"","sticky":false,"template":"","format":"standard","meta":{"footnotes":""},"categories":[67],"tags":[104,34,31,33,32,30,105],"class_list":{"0":"post-116892","1":"post","2":"type-post","3":"status-publish","4":"format-standard","5":"has-post-thumbnail","7":"category-underhallning","8":"tag-entertainment","9":"tag-se","10":"tag-svenska","11":"tag-sverige","12":"tag-sweden","13":"tag-swedish","14":"tag-underhallning"},"share_on_mastodon":{"url":"https:\/\/pubeurope.com\/@se\/115782180102748200","error":""},"_links":{"self":[{"href":"https:\/\/www.europesays.com\/se\/wp-json\/wp\/v2\/posts\/116892","targetHints":{"allow":["GET"]}}],"collection":[{"href":"https:\/\/www.europesays.com\/se\/wp-json\/wp\/v2\/posts"}],"about":[{"href":"https:\/\/www.europesays.com\/se\/wp-json\/wp\/v2\/types\/post"}],"author":[{"embeddable":true,"href":"https:\/\/www.europesays.com\/se\/wp-json\/wp\/v2\/users\/2"}],"replies":[{"embeddable":true,"href":"https:\/\/www.europesays.com\/se\/wp-json\/wp\/v2\/comments?post=116892"}],"version-history":[{"count":0,"href":"https:\/\/www.europesays.com\/se\/wp-json\/wp\/v2\/posts\/116892\/revisions"}],"wp:featuredmedia":[{"embeddable":true,"href":"https:\/\/www.europesays.com\/se\/wp-json\/wp\/v2\/media\/116893"}],"wp:attachment":[{"href":"https:\/\/www.europesays.com\/se\/wp-json\/wp\/v2\/media?parent=116892"}],"wp:term":[{"taxonomy":"category","embeddable":true,"href":"https:\/\/www.europesays.com\/se\/wp-json\/wp\/v2\/categories?post=116892"},{"taxonomy":"post_tag","embeddable":true,"href":"https:\/\/www.europesays.com\/se\/wp-json\/wp\/v2\/tags?post=116892"}],"curies":[{"name":"wp","href":"https:\/\/api.w.org\/{rel}","templated":true}]}}