{"id":116894,"date":"2025-12-25T20:52:22","date_gmt":"2025-12-25T20:52:22","guid":{"rendered":"https:\/\/www.europesays.com\/se\/116894\/"},"modified":"2025-12-25T20:52:22","modified_gmt":"2025-12-25T20:52:22","slug":"usa-forbereder-sig-for-att-borda-oljetankern","status":"publish","type":"post","link":"https:\/\/www.europesays.com\/se\/116894\/","title":{"rendered":"USA f\u00f6rbereder sig f\u00f6r att borda oljetankern"},"content":{"rendered":"<p>USA:s kustbevakning har kallat in f\u00f6rst\u00e4rkning i jakten p\u00e5 den sanktionsbelagda Panamaflaggade oljetankern Bella 1, uppger k\u00e4llor f\u00f6r Wall Street Journal.<\/p>\n<p>Enligt USA anv\u00e4nds fartyget f\u00f6r att frakta olja mellan Iran och Venezuela. Fartyget har f\u00f6ljts i fem dagar, men kaptenen svarar inte p\u00e5 kontaktf\u00f6rs\u00f6k och p\u00e5 grund av dess enorma storlek beh\u00f6ver kustbevakningen hj\u00e4lp. Enligt uppgifterna har elitsoldater som \u00e4r tr\u00e4nade f\u00f6r att borda fartyg kallats in. <\/p>\n<p>Trump har inf\u00f6rt en blockad av oljetankrar till och fr\u00e5n Venezuela, och tv\u00e5 fartyg har redan beslagtagits.<\/p>\n<p>Omni \u00e4r politiskt obundna och oberoende. Vi str\u00e4var efter att ge fler perspektiv p\u00e5 nyheterna. Har du fr\u00e5gor eller synpunkter kring v\u00e5r rapportering? <a href=\"https:\/\/omni.se\/kallor-usa-forbereder-sig-for-att-borda-oljetankern\/a\/mailto:redaktion@omni.se\" class=\"ArticleActions_contactLink__W2F1M\" rel=\"nofollow noopener\" target=\"_blank\">Kontakta redaktionen<\/a><\/p>\n","protected":false},"excerpt":{"rendered":"USA:s kustbevakning har kallat in f\u00f6rst\u00e4rkning i jakten p\u00e5 den sanktionsbelagda Panamaflaggade oljetankern Bella 1, uppger k\u00e4llor f\u00f6r&hellip;\n","protected":false},"author":2,"featured_media":116895,"comment_status":"","ping_status":"","sticky":false,"template":"","format":"standard","meta":{"footnotes":""},"categories":[14],"tags":[387,22,23,291,1149,26,27,17,21,1530,24,25,708,28,29,15,268,16,18,34,31,33,32,30,19,20,386,74,51,2545,52,53,54],"class_list":{"0":"post-116894","1":"post","2":"type-post","3":"status-publish","4":"format-standard","5":"has-post-thumbnail","7":"category-varlden","8":"tag-amerikansk-politik","9":"tag-breaking-news","10":"tag-breakingnews","11":"tag-energi-ravaror","12":"tag-faktaruta-omni","13":"tag-featured-news","14":"tag-featurednews","15":"tag-headlines","16":"tag-huvudnyheter","17":"tag-iran","18":"tag-latest-news","19":"tag-latestnews","20":"tag-latinamerika","21":"tag-main-news","22":"tag-mainnews","23":"tag-news","24":"tag-nordamerika","25":"tag-nyheter","26":"tag-rubriker","27":"tag-se","28":"tag-svenska","29":"tag-sverige","30":"tag-sweden","31":"tag-swedish","32":"tag-top-stories","33":"tag-topstories","34":"tag-trumps-usa","35":"tag-usa","36":"tag-varlden","37":"tag-venezuela","38":"tag-world","39":"tag-world-news","40":"tag-worldnews"},"share_on_mastodon":{"url":"https:\/\/pubeurope.com\/@se\/115782191904985266","error":""},"_links":{"self":[{"href":"https:\/\/www.europesays.com\/se\/wp-json\/wp\/v2\/posts\/116894","targetHints":{"allow":["GET"]}}],"collection":[{"href":"https:\/\/www.europesays.com\/se\/wp-json\/wp\/v2\/posts"}],"about":[{"href":"https:\/\/www.europesays.com\/se\/wp-json\/wp\/v2\/types\/post"}],"author":[{"embeddable":true,"href":"https:\/\/www.europesays.com\/se\/wp-json\/wp\/v2\/users\/2"}],"replies":[{"embeddable":true,"href":"https:\/\/www.europesays.com\/se\/wp-json\/wp\/v2\/comments?post=116894"}],"version-history":[{"count":0,"href":"https:\/\/www.europesays.com\/se\/wp-json\/wp\/v2\/posts\/116894\/revisions"}],"wp:featuredmedia":[{"embeddable":true,"href":"https:\/\/www.europesays.com\/se\/wp-json\/wp\/v2\/media\/116895"}],"wp:attachment":[{"href":"https:\/\/www.europesays.com\/se\/wp-json\/wp\/v2\/media?parent=116894"}],"wp:term":[{"taxonomy":"category","embeddable":true,"href":"https:\/\/www.europesays.com\/se\/wp-json\/wp\/v2\/categories?post=116894"},{"taxonomy":"post_tag","embeddable":true,"href":"https:\/\/www.europesays.com\/se\/wp-json\/wp\/v2\/tags?post=116894"}],"curies":[{"name":"wp","href":"https:\/\/api.w.org\/{rel}","templated":true}]}}