{"id":116898,"date":"2025-12-25T20:57:09","date_gmt":"2025-12-25T20:57:09","guid":{"rendered":"https:\/\/www.europesays.com\/se\/116898\/"},"modified":"2025-12-25T20:57:09","modified_gmt":"2025-12-25T20:57:09","slug":"succeprogrammet-bast-i-test-tillbaka-med-ny-sasong","status":"publish","type":"post","link":"https:\/\/www.europesays.com\/se\/116898\/","title":{"rendered":"Succ\u00e9programmet \u201dB\u00e4st i test\u201d tillbaka med ny s\u00e4song"},"content":{"rendered":"<p>\u201dJag tror aldrig att jag har skrattat OCH sk\u00e4mts s\u00e5 mycket under en och samma tv-produktion. Det var s\u00e5 otroligt omtumlande och sansl\u00f6st roligt. Man visste knappt vad man gjorde! Tittarna kan ladda med en liten sk\u00e4mskudde, och sen luta sig tillbaka och roas\u201d, s\u00e4ger Carina Berg i ett pressmeddelande fr\u00e5n TV4.<\/p>\n<p>De sista tv\u00e5 i testpanelen \u00e4r komikern och radioprogramledaren David Druid och \u201dDoobidoo\u201d-profilen Lasse Kron\u00e9r.<\/p>\n<p>Som vanligt \u00e4r det Babben Larsson och David Sundin som leder den lekfulla t\u00e4vlingen som bygger p\u00e5 humor, kreativitet och ov\u00e4ntade l\u00f6sningar. Tittarsucc\u00e9n \u201cB\u00e4st i test\u201d s\u00e4nds sedan b\u00f6rjan av 2024 i TV4, efter flera s\u00e4songer i SVT.<\/p>\n","protected":false},"excerpt":{"rendered":"\u201dJag tror aldrig att jag har skrattat OCH sk\u00e4mts s\u00e5 mycket under en och samma tv-produktion. Det var&hellip;\n","protected":false},"author":2,"featured_media":116899,"comment_status":"","ping_status":"","sticky":false,"template":"","format":"standard","meta":{"footnotes":""},"categories":[67],"tags":[104,34,31,33,32,30,105],"class_list":{"0":"post-116898","1":"post","2":"type-post","3":"status-publish","4":"format-standard","5":"has-post-thumbnail","7":"category-underhallning","8":"tag-entertainment","9":"tag-se","10":"tag-svenska","11":"tag-sverige","12":"tag-sweden","13":"tag-swedish","14":"tag-underhallning"},"share_on_mastodon":{"url":"https:\/\/pubeurope.com\/@se\/115782211524937043","error":""},"_links":{"self":[{"href":"https:\/\/www.europesays.com\/se\/wp-json\/wp\/v2\/posts\/116898","targetHints":{"allow":["GET"]}}],"collection":[{"href":"https:\/\/www.europesays.com\/se\/wp-json\/wp\/v2\/posts"}],"about":[{"href":"https:\/\/www.europesays.com\/se\/wp-json\/wp\/v2\/types\/post"}],"author":[{"embeddable":true,"href":"https:\/\/www.europesays.com\/se\/wp-json\/wp\/v2\/users\/2"}],"replies":[{"embeddable":true,"href":"https:\/\/www.europesays.com\/se\/wp-json\/wp\/v2\/comments?post=116898"}],"version-history":[{"count":0,"href":"https:\/\/www.europesays.com\/se\/wp-json\/wp\/v2\/posts\/116898\/revisions"}],"wp:featuredmedia":[{"embeddable":true,"href":"https:\/\/www.europesays.com\/se\/wp-json\/wp\/v2\/media\/116899"}],"wp:attachment":[{"href":"https:\/\/www.europesays.com\/se\/wp-json\/wp\/v2\/media?parent=116898"}],"wp:term":[{"taxonomy":"category","embeddable":true,"href":"https:\/\/www.europesays.com\/se\/wp-json\/wp\/v2\/categories?post=116898"},{"taxonomy":"post_tag","embeddable":true,"href":"https:\/\/www.europesays.com\/se\/wp-json\/wp\/v2\/tags?post=116898"}],"curies":[{"name":"wp","href":"https:\/\/api.w.org\/{rel}","templated":true}]}}