{"id":116900,"date":"2025-12-25T21:01:30","date_gmt":"2025-12-25T21:01:30","guid":{"rendered":"https:\/\/www.europesays.com\/se\/116900\/"},"modified":"2025-12-25T21:01:30","modified_gmt":"2025-12-25T21:01:30","slug":"kung-harald-om-bonusprinsen-kanner-med-de-drabbade-vasterbottens-kuriren","status":"publish","type":"post","link":"https:\/\/www.europesays.com\/se\/116900\/","title":{"rendered":"Kung Harald om bonusprinsen: K\u00e4nner med de drabbade &#8211; V\u00e4sterbottens-Kuriren"},"content":{"rendered":"<ol>\n<li><a href=\"https:\/\/news.google.com\/rss\/articles\/CBMijgFBVV95cUxOYVRlVlZwampNalI4ejZhb3UwVEdsbnpGempsbTlUNndYckRQYzJERWk2YzFzZ1ZmSDRXRnhlUm1XZ0llLXFsMlVkbXkzZVBGV1N5V01qQ2dwbEZvelhISWhwZGpJU3BxSnRpcnkwcVJWRldsN3JXUFo1aVVOaDR2RGwtLW93RkRPUnpOOHVB?oc=5\" target=\"_blank\" rel=\"nofollow noopener\">Kung Harald om bonusprinsen: K\u00e4nner med de drabbade<\/a>&nbsp;&nbsp;V\u00e4sterbottens-Kuriren<\/li>\n<li><a href=\"https:\/\/news.google.com\/rss\/articles\/CBMiQEFVX3lxTE9OZTRUOHNZT1R3a0w5VVBfb1BRNnpCWk5JeC1yVFVsRXV2MDRwMzJkQXI0NmVQSDJOWWNGSm02X0Q?oc=5\" target=\"_blank\" rel=\"nofollow noopener\">Mette-Marit om \u00e5talet mot sonen Marius: \u201dDet h\u00e4r fallet m\u00e5ste behandlas i r\u00e4tten\u201d<\/a>&nbsp;&nbsp;Yle<\/li>\n<li><a href=\"https:\/\/news.google.com\/rss\/articles\/CBMijgFBVV95cUxNTndrRW55VFFiT3B5bjAxX3htU0YwRGp4ekVvUndFVHVYcFNjbDdVTW1GNzZCUDRiNXJxT2ZidXFvWnNMVm44aU1yWVV1WFVVcDFsZTFMV2dKYzQwVWpvWWtPdUZCcGRiY29DbHYydFhSMktRVkQ4cG9IaWxsZWU2d3NGMi1QbmIzb3ZYUklB?oc=5\" target=\"_blank\" rel=\"nofollow noopener\">Kung Harald om \u201dbonusprinsen\u201d: K\u00e4nner med de drabbade<\/a>&nbsp;&nbsp;SVT Nyheter<\/li>\n<li><a href=\"https:\/\/news.google.com\/rss\/articles\/CBMiiAFBVV95cUxPZ2dSR1RMajVwaE9rNmhRSjYzam9ZYXR3VG5kTXNic2tCTG5PcXp2eUFFZjBZdjlDbkFIRmt4N3M4QXNMVmgwUjRpeXRGbEx5SUFCMDE4Ujd4X3RKbDBVSVdpQjlpQml3UUV5LVRaNnBWQzB6UU4xUW5HWEloYjAzcjRHZGNmd3Fu?oc=5\" target=\"_blank\" rel=\"nofollow noopener\">Mette-Marits ilska: Det \u00e4r jag mest uppr\u00f6rd \u00f6ver<\/a>&nbsp;&nbsp;Aftonbladet<\/li>\n<li><a href=\"https:\/\/news.google.com\/rss\/articles\/CBMihgFBVV95cUxOREJndHE2OFVJZzhPa2o4ZXN6MFpGak5Ga1VieHJjTXQwSzJLY21PclFLYTBBTkJKZ0M2bkZ5LVVZemwzQTVQZ0diRTlvZXVWcldzRGxhRmtjZFNWSHhFVlM3bDgtRV9XWWRPSHhlM2U2SGdPVHZvX1h3OU94R3JnTDluM0xhZw?oc=5\" target=\"_blank\" rel=\"nofollow noopener\">Kronprinsessan Mette-Marit kommenterar kritiken om bonusprinsen<\/a>&nbsp;&nbsp;Sveriges Radio<\/li>\n<\/ol>\n","protected":false},"excerpt":{"rendered":"Kung Harald om bonusprinsen: K\u00e4nner med de drabbade&nbsp;&nbsp;V\u00e4sterbottens-Kuriren Mette-Marit om \u00e5talet mot sonen Marius: \u201dDet h\u00e4r fallet m\u00e5ste&hellip;\n","protected":false},"author":2,"featured_media":116901,"comment_status":"","ping_status":"","sticky":false,"template":"","format":"standard","meta":{"footnotes":""},"categories":[14],"tags":[22,23,26,27,17,21,24,25,28,29,15,16,18,34,31,33,32,30,19,20,51,52,53,54],"class_list":{"0":"post-116900","1":"post","2":"type-post","3":"status-publish","4":"format-standard","5":"has-post-thumbnail","7":"category-varlden","8":"tag-breaking-news","9":"tag-breakingnews","10":"tag-featured-news","11":"tag-featurednews","12":"tag-headlines","13":"tag-huvudnyheter","14":"tag-latest-news","15":"tag-latestnews","16":"tag-main-news","17":"tag-mainnews","18":"tag-news","19":"tag-nyheter","20":"tag-rubriker","21":"tag-se","22":"tag-svenska","23":"tag-sverige","24":"tag-sweden","25":"tag-swedish","26":"tag-top-stories","27":"tag-topstories","28":"tag-varlden","29":"tag-world","30":"tag-world-news","31":"tag-worldnews"},"share_on_mastodon":{"url":"https:\/\/pubeurope.com\/@se\/115782227256423067","error":""},"_links":{"self":[{"href":"https:\/\/www.europesays.com\/se\/wp-json\/wp\/v2\/posts\/116900","targetHints":{"allow":["GET"]}}],"collection":[{"href":"https:\/\/www.europesays.com\/se\/wp-json\/wp\/v2\/posts"}],"about":[{"href":"https:\/\/www.europesays.com\/se\/wp-json\/wp\/v2\/types\/post"}],"author":[{"embeddable":true,"href":"https:\/\/www.europesays.com\/se\/wp-json\/wp\/v2\/users\/2"}],"replies":[{"embeddable":true,"href":"https:\/\/www.europesays.com\/se\/wp-json\/wp\/v2\/comments?post=116900"}],"version-history":[{"count":0,"href":"https:\/\/www.europesays.com\/se\/wp-json\/wp\/v2\/posts\/116900\/revisions"}],"wp:featuredmedia":[{"embeddable":true,"href":"https:\/\/www.europesays.com\/se\/wp-json\/wp\/v2\/media\/116901"}],"wp:attachment":[{"href":"https:\/\/www.europesays.com\/se\/wp-json\/wp\/v2\/media?parent=116900"}],"wp:term":[{"taxonomy":"category","embeddable":true,"href":"https:\/\/www.europesays.com\/se\/wp-json\/wp\/v2\/categories?post=116900"},{"taxonomy":"post_tag","embeddable":true,"href":"https:\/\/www.europesays.com\/se\/wp-json\/wp\/v2\/tags?post=116900"}],"curies":[{"name":"wp","href":"https:\/\/api.w.org\/{rel}","templated":true}]}}