{"id":116906,"date":"2025-12-25T21:13:44","date_gmt":"2025-12-25T21:13:44","guid":{"rendered":"https:\/\/www.europesays.com\/se\/116906\/"},"modified":"2025-12-25T21:13:44","modified_gmt":"2025-12-25T21:13:44","slug":"somalier-gar-till-valurnorna-forsta-gangen-pa-decennier","status":"publish","type":"post","link":"https:\/\/www.europesays.com\/se\/116906\/","title":{"rendered":"Somalier g\u00e5r till valurnorna \u2013 f\u00f6rsta g\u00e5ngen p\u00e5 decennier"},"content":{"rendered":"<p>I mars 2024 godk\u00e4nde Somalias parlament fyra lagf\u00f6rslag fr\u00e5n regeringen om att inf\u00f6ra allm\u00e4nna val och l\u00e4mna det r\u00e5dande systemet med indirekta klanbaserade val. <\/p>\n<p>Klanbaserade f\u00f6rhandlingar har legat till grund f\u00f6r utn\u00e4mningen av lokala r\u00e5dsmedlemmar och parlamentets ledam\u00f6ter \u2013 som sedan utser presidenten.<\/p>\n<p>Torsdagens val i Mogadishu, som redan skjutits upp tre g\u00e5nger i \u00e5r, avf\u00e4rdas av oppositionen i landet, skriver AP. Att \u00f6verge \u00f6verenskommelsen om klanbaserade f\u00f6rhandlingar, utan samf\u00f6rst\u00e5nd, riskerar att undergr\u00e4va den br\u00e4ckliga \u00f6verenskommelsen i landet, enligt oppositionen.<\/p>\n<p>Valet p\u00e5 juldagen 2025 blir det f\u00f6rsta som \u00f6vervakas av Somalias nationella oberoende valkommission. De r\u00f6stber\u00e4ttigade kan r\u00f6sta p\u00e5 kandidater fr\u00e5n 20 olika partier.<\/p>\n<p>Analytiker: Steg mot en legitim stat<\/p>\n<p>Enligt Mohamed Husein Gaas, grundare och direkt\u00f6r f\u00f6r Raad Peace Research Institute, \u00e4r valet ett steg mot en mer inkluderande och legitim stat. Han s\u00e4ger att det finns planer p\u00e5 att utvidga valen till att nationell niv\u00e5. <\/p>\n<p>\u2013 Processen signalerar ett engagemang f\u00f6r att bygga en h\u00e5llbar somalisk stat grundad p\u00e5 demokrati, allm\u00e4nhetens f\u00f6rtroende, nationell sammanh\u00e5llning och l\u00e5ngsiktig stabilitet, s\u00e4ger Gaas.<\/p>\n<p>Somalias regering har inte kontroll \u00f6ver hela landet, eftersom den militanta islamistgruppen al-Shabaab styr \u00f6ver stora landomr\u00e5den.<\/p>\n","protected":false},"excerpt":{"rendered":"I mars 2024 godk\u00e4nde Somalias parlament fyra lagf\u00f6rslag fr\u00e5n regeringen om att inf\u00f6ra allm\u00e4nna val och l\u00e4mna det&hellip;\n","protected":false},"author":2,"featured_media":116907,"comment_status":"","ping_status":"","sticky":false,"template":"","format":"standard","meta":{"footnotes":""},"categories":[14],"tags":[22,23,26,27,17,21,24,25,28,29,15,16,18,34,31,33,32,30,19,20,51,52,53,54],"class_list":{"0":"post-116906","1":"post","2":"type-post","3":"status-publish","4":"format-standard","5":"has-post-thumbnail","7":"category-varlden","8":"tag-breaking-news","9":"tag-breakingnews","10":"tag-featured-news","11":"tag-featurednews","12":"tag-headlines","13":"tag-huvudnyheter","14":"tag-latest-news","15":"tag-latestnews","16":"tag-main-news","17":"tag-mainnews","18":"tag-news","19":"tag-nyheter","20":"tag-rubriker","21":"tag-se","22":"tag-svenska","23":"tag-sverige","24":"tag-sweden","25":"tag-swedish","26":"tag-top-stories","27":"tag-topstories","28":"tag-varlden","29":"tag-world","30":"tag-world-news","31":"tag-worldnews"},"share_on_mastodon":{"url":"https:\/\/pubeurope.com\/@se\/115782274439721409","error":""},"_links":{"self":[{"href":"https:\/\/www.europesays.com\/se\/wp-json\/wp\/v2\/posts\/116906","targetHints":{"allow":["GET"]}}],"collection":[{"href":"https:\/\/www.europesays.com\/se\/wp-json\/wp\/v2\/posts"}],"about":[{"href":"https:\/\/www.europesays.com\/se\/wp-json\/wp\/v2\/types\/post"}],"author":[{"embeddable":true,"href":"https:\/\/www.europesays.com\/se\/wp-json\/wp\/v2\/users\/2"}],"replies":[{"embeddable":true,"href":"https:\/\/www.europesays.com\/se\/wp-json\/wp\/v2\/comments?post=116906"}],"version-history":[{"count":0,"href":"https:\/\/www.europesays.com\/se\/wp-json\/wp\/v2\/posts\/116906\/revisions"}],"wp:featuredmedia":[{"embeddable":true,"href":"https:\/\/www.europesays.com\/se\/wp-json\/wp\/v2\/media\/116907"}],"wp:attachment":[{"href":"https:\/\/www.europesays.com\/se\/wp-json\/wp\/v2\/media?parent=116906"}],"wp:term":[{"taxonomy":"category","embeddable":true,"href":"https:\/\/www.europesays.com\/se\/wp-json\/wp\/v2\/categories?post=116906"},{"taxonomy":"post_tag","embeddable":true,"href":"https:\/\/www.europesays.com\/se\/wp-json\/wp\/v2\/tags?post=116906"}],"curies":[{"name":"wp","href":"https:\/\/api.w.org\/{rel}","templated":true}]}}