{"id":116912,"date":"2025-12-25T21:22:09","date_gmt":"2025-12-25T21:22:09","guid":{"rendered":"https:\/\/www.europesays.com\/se\/116912\/"},"modified":"2025-12-25T21:22:09","modified_gmt":"2025-12-25T21:22:09","slug":"uppgifter-juventus-och-barcelona-visar-intresse-for-senesi","status":"publish","type":"post","link":"https:\/\/www.europesays.com\/se\/116912\/","title":{"rendered":"Uppgifter: Juventus och Barcelona visar intresse f\u00f6r Senesi"},"content":{"rendered":"<p><strong>Marcos Senesi har etablerat sig som ordinarie i Bournemouths f\u00f6rsvar. <br \/>Nu uppges b\u00e5de Juventus och Barcelona f\u00f6lja mittbackens situation.<\/strong><\/p>\n<p>Marcos Senesi har klivit fram som en nyckelspelare i <a href=\"https:\/\/fotbolldirekt.se\/klubb\/bournemouth\/\" rel=\"nofollow noopener\" target=\"_blank\">Bournemouth<\/a>. Sedan Dean Huijsen och Illja Zabarnyj l\u00e4mnade klubben har argentinaren tagit en ordinarie plats i mittf\u00f6rsvaret och startat samtliga Premier League-matcher den h\u00e4r s\u00e4songen, med ett undantag.<\/p>\n<p>Insatserna har inte g\u00e5tt obem\u00e4rkta f\u00f6rbi. Enligt transferexperten Fabrizio Romano f\u00f6ljs Senesi noggrant av b\u00e5de<a href=\"https:\/\/fotbolldirekt.se\/klubb\/juventus\/\" rel=\"nofollow noopener\" target=\"_blank\"> Juventus<\/a> och <a href=\"https:\/\/fotbolldirekt.se\/klubb\/fc-barcelona\/\" rel=\"nofollow noopener\" target=\"_blank\">Barcelona<\/a>, som uppges vara stora beundrare av 28-\u00e5ringen.<\/p>\n<p>Senesis kontrakt med Bournemouth l\u00f6per ut efter s\u00e4songen. Det inneb\u00e4r att intresserade klubbar redan i januari har m\u00f6jlighet att skriva ett f\u00f6rhandsavtal, vilket skulle ge en fri transfer till sommaren.<\/p>\n<p>Mittbacken har hittills gjort tv\u00e5 A-landskamper f\u00f6r Argentina och har tidigare representerat b\u00e5de Feyenoord och San Lorenzo.<\/p>\n","protected":false},"excerpt":{"rendered":"Marcos Senesi har etablerat sig som ordinarie i Bournemouths f\u00f6rsvar. Nu uppges b\u00e5de Juventus och Barcelona f\u00f6lja mittbackens&hellip;\n","protected":false},"author":2,"featured_media":116913,"comment_status":"","ping_status":"","sticky":false,"template":"","format":"standard","meta":{"footnotes":""},"categories":[68],"tags":[34,411,111,110,31,33,32,30],"class_list":{"0":"post-116912","1":"post","2":"type-post","3":"status-publish","4":"format-standard","5":"has-post-thumbnail","7":"category-sport","8":"tag-se","9":"tag-senaste-nytt","10":"tag-sport","11":"tag-sports","12":"tag-svenska","13":"tag-sverige","14":"tag-sweden","15":"tag-swedish"},"share_on_mastodon":{"url":"https:\/\/pubeurope.com\/@se\/115782309919306011","error":""},"_links":{"self":[{"href":"https:\/\/www.europesays.com\/se\/wp-json\/wp\/v2\/posts\/116912","targetHints":{"allow":["GET"]}}],"collection":[{"href":"https:\/\/www.europesays.com\/se\/wp-json\/wp\/v2\/posts"}],"about":[{"href":"https:\/\/www.europesays.com\/se\/wp-json\/wp\/v2\/types\/post"}],"author":[{"embeddable":true,"href":"https:\/\/www.europesays.com\/se\/wp-json\/wp\/v2\/users\/2"}],"replies":[{"embeddable":true,"href":"https:\/\/www.europesays.com\/se\/wp-json\/wp\/v2\/comments?post=116912"}],"version-history":[{"count":0,"href":"https:\/\/www.europesays.com\/se\/wp-json\/wp\/v2\/posts\/116912\/revisions"}],"wp:featuredmedia":[{"embeddable":true,"href":"https:\/\/www.europesays.com\/se\/wp-json\/wp\/v2\/media\/116913"}],"wp:attachment":[{"href":"https:\/\/www.europesays.com\/se\/wp-json\/wp\/v2\/media?parent=116912"}],"wp:term":[{"taxonomy":"category","embeddable":true,"href":"https:\/\/www.europesays.com\/se\/wp-json\/wp\/v2\/categories?post=116912"},{"taxonomy":"post_tag","embeddable":true,"href":"https:\/\/www.europesays.com\/se\/wp-json\/wp\/v2\/tags?post=116912"}],"curies":[{"name":"wp","href":"https:\/\/api.w.org\/{rel}","templated":true}]}}